{"id":16347,"date":"2019-07-12T11:41:29","date_gmt":"2019-07-12T11:41:29","guid":{"rendered":"https:\/\/www.ayuntamientodeharia.com\/haria\/?p=16347"},"modified":"2019-07-12T11:41:29","modified_gmt":"2019-07-12T11:41:29","slug":"exposicion-universalidad-en-punta-mujeres","status":"publish","type":"post","link":"https:\/\/www.ayuntamientodeharia.com\/haria\/exposicion-universalidad-en-punta-mujeres\/","title":{"rendered":"Exposici\u00f3n \u2018Universalidad\u2019 en Punta Mujeres"},"content":{"rendered":"<p>La sala de exposici\u00f3n Restaurante Tahoyo, en Punta Mujeres, acoge del 16 de julio al 15 de septiembre la exposici\u00f3n \u2018Universalidad\u2019, de Claude Charbonnier. La inauguraci\u00f3n tendr\u00e1 lugar el pr\u00f3ximo martes 16, a las 20:00 horas.<\/p>\n<p><!--more--><\/p>\n<p>&nbsp;<\/p>\n<p>La muestra podr\u00e1 contemplarse de lunes a s\u00e1bado, de 10:00 a 14:00 horas, en la calle Pared del Agua 14 de la localidad norte\u00f1a.<\/p>\n","protected":false},"excerpt":{"rendered":"<p>La sala de exposici\u00f3n Restaurante Tahoyo, en Punta Mujeres, acoge del 16 de julio al 15 de septiembre la exposici\u00f3n \u2018Universalidad\u2019, de Claude Charbonnier. La inauguraci\u00f3n tendr\u00e1 lugar el pr\u00f3ximo martes 16, a las 20:00 horas.<\/p>\n","protected":false},"author":7,"featured_media":16348,"comment_status":"closed","ping_status":"closed","sticky":false,"template":"","format":"standard","meta":{"footnotes":""},"categories":[16,193,11,81],"tags":[],"class_list":["post-16347","post","type-post","status-publish","format-standard","has-post-thumbnail","hentry","category-cultura","category-exposiciones","category-hoja-de-haria","category-municipio"],"_links":{"self":[{"href":"https:\/\/www.ayuntamientodeharia.com\/haria\/wp-json\/wp\/v2\/posts\/16347","targetHints":{"allow":["GET"]}}],"collection":[{"href":"https:\/\/www.ayuntamientodeharia.com\/haria\/wp-json\/wp\/v2\/posts"}],"about":[{"href":"https:\/\/www.ayuntamientodeharia.com\/haria\/wp-json\/wp\/v2\/types\/post"}],"author":[{"embeddable":true,"href":"https:\/\/www.ayuntamientodeharia.com\/haria\/wp-json\/wp\/v2\/users\/7"}],"replies":[{"embeddable":true,"href":"https:\/\/www.ayuntamientodeharia.com\/haria\/wp-json\/wp\/v2\/comments?post=16347"}],"version-history":[{"count":1,"href":"https:\/\/www.ayuntamientodeharia.com\/haria\/wp-json\/wp\/v2\/posts\/16347\/revisions"}],"predecessor-version":[{"id":16349,"href":"https:\/\/www.ayuntamientodeharia.com\/haria\/wp-json\/wp\/v2\/posts\/16347\/revisions\/16349"}],"wp:featuredmedia":[{"embeddable":true,"href":"https:\/\/www.ayuntamientodeharia.com\/haria\/wp-json\/wp\/v2\/media\/16348"}],"wp:attachment":[{"href":"https:\/\/www.ayuntamientodeharia.com\/haria\/wp-json\/wp\/v2\/media?parent=16347"}],"wp:term":[{"taxonomy":"category","embeddable":true,"href":"https:\/\/www.ayuntamientodeharia.com\/haria\/wp-json\/wp\/v2\/categories?post=16347"},{"taxonomy":"post_tag","embeddable":true,"href":"https:\/\/www.ayuntamientodeharia.com\/haria\/wp-json\/wp\/v2\/tags?post=16347"}],"curies":[{"name":"wp","href":"https:\/\/api.w.org\/{rel}","templated":true}]}}