{"id":16344,"date":"2019-07-12T11:32:32","date_gmt":"2019-07-12T11:32:32","guid":{"rendered":"https:\/\/www.ayuntamientodeharia.com\/haria\/?p=16344"},"modified":"2019-07-12T11:32:32","modified_gmt":"2019-07-12T11:32:32","slug":"boxeadores-de-la-escuela-palenke-en-el-campeonato-de-espana","status":"publish","type":"post","link":"https:\/\/www.ayuntamientodeharia.com\/haria\/boxeadores-de-la-escuela-palenke-en-el-campeonato-de-espana\/","title":{"rendered":"Boxeadores de la Escuela Palenke en el Campeonato de Espa\u00f1a"},"content":{"rendered":"<p>Los boxeadores de la Escuela de Boxeo Palenke Antonio Carmona, Pr\u00edncipe Gitano y Elvis Arturo Ram\u00edrez Gil, el cantante boxeador, participar\u00e1n en el Campeonato de Espa\u00f1a de Boxeo que se celebrar\u00e1, del 15 al 21 de julio, en Badajoz.<\/p>\n<p><!--more--><\/p>\n<p>&nbsp;<\/p>\n<p>Cabe recordar que estos dos p\u00fagiles se proclamaron campeones de Canarias de boxeo en el evento celebrado en el mes de marzo en Arrieta.<\/p>\n<p>&nbsp;<\/p>\n<p>El buen trabajo realizado en los \u00faltimos torneos hace presagiar que obtendr\u00e1n unos magn\u00edficos resultados en el Campeonato de Espa\u00f1a, por lo que desde el Ayuntamiento de Har\u00eda se les desea todo tipo de \u00e9xitos.<\/p>\n","protected":false},"excerpt":{"rendered":"<p>Los boxeadores de la Escuela de Boxeo Palenke Antonio Carmona, Pr\u00edncipe Gitano y Elvis Arturo Ram\u00edrez Gil, el cantante boxeador, participar\u00e1n en el Campeonato de Espa\u00f1a de Boxeo que se celebrar\u00e1, del 15 al 21 de julio, en Badajoz.<\/p>\n","protected":false},"author":7,"featured_media":16345,"comment_status":"closed","ping_status":"closed","sticky":false,"template":"","format":"standard","meta":{"footnotes":""},"categories":[17,11],"tags":[],"class_list":["post-16344","post","type-post","status-publish","format-standard","has-post-thumbnail","hentry","category-deportes","category-hoja-de-haria"],"_links":{"self":[{"href":"https:\/\/www.ayuntamientodeharia.com\/haria\/wp-json\/wp\/v2\/posts\/16344","targetHints":{"allow":["GET"]}}],"collection":[{"href":"https:\/\/www.ayuntamientodeharia.com\/haria\/wp-json\/wp\/v2\/posts"}],"about":[{"href":"https:\/\/www.ayuntamientodeharia.com\/haria\/wp-json\/wp\/v2\/types\/post"}],"author":[{"embeddable":true,"href":"https:\/\/www.ayuntamientodeharia.com\/haria\/wp-json\/wp\/v2\/users\/7"}],"replies":[{"embeddable":true,"href":"https:\/\/www.ayuntamientodeharia.com\/haria\/wp-json\/wp\/v2\/comments?post=16344"}],"version-history":[{"count":1,"href":"https:\/\/www.ayuntamientodeharia.com\/haria\/wp-json\/wp\/v2\/posts\/16344\/revisions"}],"predecessor-version":[{"id":16346,"href":"https:\/\/www.ayuntamientodeharia.com\/haria\/wp-json\/wp\/v2\/posts\/16344\/revisions\/16346"}],"wp:featuredmedia":[{"embeddable":true,"href":"https:\/\/www.ayuntamientodeharia.com\/haria\/wp-json\/wp\/v2\/media\/16345"}],"wp:attachment":[{"href":"https:\/\/www.ayuntamientodeharia.com\/haria\/wp-json\/wp\/v2\/media?parent=16344"}],"wp:term":[{"taxonomy":"category","embeddable":true,"href":"https:\/\/www.ayuntamientodeharia.com\/haria\/wp-json\/wp\/v2\/categories?post=16344"},{"taxonomy":"post_tag","embeddable":true,"href":"https:\/\/www.ayuntamientodeharia.com\/haria\/wp-json\/wp\/v2\/tags?post=16344"}],"curies":[{"name":"wp","href":"https:\/\/api.w.org\/{rel}","templated":true}]}}