{"id":16342,"date":"2019-07-12T11:31:36","date_gmt":"2019-07-12T11:31:36","guid":{"rendered":"https:\/\/www.ayuntamientodeharia.com\/haria\/?p=16342"},"modified":"2019-07-12T11:31:36","modified_gmt":"2019-07-12T11:31:36","slug":"reduccion-de-la-tasa-de-agua-agricola","status":"publish","type":"post","link":"https:\/\/www.ayuntamientodeharia.com\/haria\/reduccion-de-la-tasa-de-agua-agricola\/","title":{"rendered":"Reducci\u00f3n de la Tasa de Agua Agr\u00edcola"},"content":{"rendered":"<p><img decoding=\"async\" class=\"alignleft size-thumbnail wp-image-15384\" src=\"https:\/\/www.ayuntamientodeharia.com\/haria\/wp-content\/uploads\/2019\/02\/Lajares-7-de-febrero-2019-30-150x150.jpg\" alt=\"\" width=\"150\" height=\"150\" \/>Desde la Concejal\u00eda de Agricultura, coordinada por Armando Bonilla, se informa a los agricultores del municipio de que la Asamblea General del\u00a0 Consorcio del Agua de Lanzarote ha establecido una subvenci\u00f3n nominada para la reducci\u00f3n del precio del agua agr\u00edcola en el sector primario en la isla de Lanzarote y La Graciosa.<\/p>\n<p><!--more--><\/p>\n<p>&nbsp;<\/p>\n<p>El descuento se aplicar\u00e1 a las facturas de tasa de agua agr\u00edcola, tanto para los adscritos como para los no adscritos al r\u00e9gimen agrario, emitidas desde el 1 de enero al 31 de diciembre de 2019. Los adscritos al r\u00e9gimen agrario pasar\u00e1n de pagar 0,98 euros a 0,50 euros y los no adscritos, de 1,12 euros a 0,80 euros.<\/p>\n<p>&nbsp;<\/p>\n<p>Se beneficiar\u00e1n de la reducci\u00f3n de la tasa de agua agr\u00edcola los consumidores del sector primario que as\u00ed lo soliciten y cumplan con los requisitos establecidos.<\/p>\n<p>&nbsp;<\/p>\n<p>La presentaci\u00f3n de solicitudes y documentos requeridos se realizar\u00e1, antes del 30 de septiembre de 2019, en el Registro de Entrada del \u00c1rea de Agricultura y Ganader\u00eda del Cabildo de Lanzarote, sito en el Servicio Insular Agrario de Tah\u00edche.<\/p>\n<p>M\u00e1s informaci\u00f3n en el Bolet\u00edn Oficial de la Provincia de Las Palmas, n\u00famero 79, de 1 de julio de 2019.<\/p>\n","protected":false},"excerpt":{"rendered":"<p>Desde la Concejal\u00eda de Agricultura, coordinada por Armando Bonilla, se informa a los agricultores del municipio de que la Asamblea General del\u00a0 Consorcio del Agua de Lanzarote ha establecido una subvenci\u00f3n nominada para la reducci\u00f3n del precio del agua agr\u00edcola en el sector primario en la isla de Lanzarote y La Graciosa.<\/p>\n","protected":false},"author":7,"featured_media":0,"comment_status":"closed","ping_status":"closed","sticky":false,"template":"","format":"standard","meta":{"footnotes":""},"categories":[20,11],"tags":[],"class_list":["post-16342","post","type-post","status-publish","format-standard","hentry","category-agricultura","category-hoja-de-haria"],"_links":{"self":[{"href":"https:\/\/www.ayuntamientodeharia.com\/haria\/wp-json\/wp\/v2\/posts\/16342","targetHints":{"allow":["GET"]}}],"collection":[{"href":"https:\/\/www.ayuntamientodeharia.com\/haria\/wp-json\/wp\/v2\/posts"}],"about":[{"href":"https:\/\/www.ayuntamientodeharia.com\/haria\/wp-json\/wp\/v2\/types\/post"}],"author":[{"embeddable":true,"href":"https:\/\/www.ayuntamientodeharia.com\/haria\/wp-json\/wp\/v2\/users\/7"}],"replies":[{"embeddable":true,"href":"https:\/\/www.ayuntamientodeharia.com\/haria\/wp-json\/wp\/v2\/comments?post=16342"}],"version-history":[{"count":1,"href":"https:\/\/www.ayuntamientodeharia.com\/haria\/wp-json\/wp\/v2\/posts\/16342\/revisions"}],"predecessor-version":[{"id":16343,"href":"https:\/\/www.ayuntamientodeharia.com\/haria\/wp-json\/wp\/v2\/posts\/16342\/revisions\/16343"}],"wp:attachment":[{"href":"https:\/\/www.ayuntamientodeharia.com\/haria\/wp-json\/wp\/v2\/media?parent=16342"}],"wp:term":[{"taxonomy":"category","embeddable":true,"href":"https:\/\/www.ayuntamientodeharia.com\/haria\/wp-json\/wp\/v2\/categories?post=16342"},{"taxonomy":"post_tag","embeddable":true,"href":"https:\/\/www.ayuntamientodeharia.com\/haria\/wp-json\/wp\/v2\/tags?post=16342"}],"curies":[{"name":"wp","href":"https:\/\/api.w.org\/{rel}","templated":true}]}}