{"id":16340,"date":"2019-07-12T11:30:28","date_gmt":"2019-07-12T11:30:28","guid":{"rendered":"https:\/\/www.ayuntamientodeharia.com\/haria\/?p=16340"},"modified":"2019-07-12T11:30:28","modified_gmt":"2019-07-12T11:30:28","slug":"la-asociacion-palmeral-del-norte-celebra-el-dia-del-abuelo-con-una-excursion-por-la-isla","status":"publish","type":"post","link":"https:\/\/www.ayuntamientodeharia.com\/haria\/la-asociacion-palmeral-del-norte-celebra-el-dia-del-abuelo-con-una-excursion-por-la-isla\/","title":{"rendered":"La asociaci\u00f3n Palmeral del Norte celebra el D\u00eda del Abuelo con una excursi\u00f3n por la Isla"},"content":{"rendered":"<p><img decoding=\"async\" class=\"alignleft size-thumbnail wp-image-13702\" src=\"https:\/\/www.ayuntamientodeharia.com\/haria\/wp-content\/uploads\/2018\/07\/Participantes-del-curso-de-rehabilitaci\u00f3n-de-la-arquitectura-popular-de-Lanzarote-150x150.jpg\" alt=\"\" width=\"150\" height=\"150\" \/>La presidenta de la asociaci\u00f3n de la tercera edad Palmeral del Norte, Mar\u00eda de los \u00c1ngeles Perdomo comunica e invita a los socios a participar en la salida que realizar\u00e1n por la Isla el viernes, 26 de julio, con motivo del D\u00eda del Abuelo.<\/p>\n<p><!--more--><\/p>\n<p>&nbsp;<\/p>\n<p>Una guagua recoger\u00e1 a los participantes a las 9:00 horas en las paradas habituales para trasladarlos a San Bartolom\u00e9, donde visitar\u00e1n la\u00a0 molina de Jos\u00e9 Mar\u00eda Gil y el mercadillo de la plaza del Varadero, en Puerto del Carmen. A continuaci\u00f3n, disfrutar\u00e1n de un almuerzo en el\u00a0 pueblo de Yaiza para finalizar la jornada con un baile sobre las 18:00 horas.<\/p>\n<p>&nbsp;<\/p>\n<p>Los socios interesados en participar en la excursi\u00f3n deber\u00e1n realizar la inscripci\u00f3n correspondiente llamando al tel\u00e9fono del Centro de La Tercera Edad, 928 835 633, y abonar 15 euros.<\/p>\n","protected":false},"excerpt":{"rendered":"<p>La presidenta de la asociaci\u00f3n de la tercera edad Palmeral del Norte, Mar\u00eda de los \u00c1ngeles Perdomo comunica e invita a los socios a participar en la salida que realizar\u00e1n por la Isla el viernes, 26 de julio, con motivo del D\u00eda del Abuelo.<\/p>\n","protected":false},"author":7,"featured_media":0,"comment_status":"closed","ping_status":"closed","sticky":false,"template":"","format":"standard","meta":{"footnotes":""},"categories":[11,61],"tags":[],"class_list":["post-16340","post","type-post","status-publish","format-standard","hentry","category-hoja-de-haria","category-tercera-edad"],"_links":{"self":[{"href":"https:\/\/www.ayuntamientodeharia.com\/haria\/wp-json\/wp\/v2\/posts\/16340","targetHints":{"allow":["GET"]}}],"collection":[{"href":"https:\/\/www.ayuntamientodeharia.com\/haria\/wp-json\/wp\/v2\/posts"}],"about":[{"href":"https:\/\/www.ayuntamientodeharia.com\/haria\/wp-json\/wp\/v2\/types\/post"}],"author":[{"embeddable":true,"href":"https:\/\/www.ayuntamientodeharia.com\/haria\/wp-json\/wp\/v2\/users\/7"}],"replies":[{"embeddable":true,"href":"https:\/\/www.ayuntamientodeharia.com\/haria\/wp-json\/wp\/v2\/comments?post=16340"}],"version-history":[{"count":1,"href":"https:\/\/www.ayuntamientodeharia.com\/haria\/wp-json\/wp\/v2\/posts\/16340\/revisions"}],"predecessor-version":[{"id":16341,"href":"https:\/\/www.ayuntamientodeharia.com\/haria\/wp-json\/wp\/v2\/posts\/16340\/revisions\/16341"}],"wp:attachment":[{"href":"https:\/\/www.ayuntamientodeharia.com\/haria\/wp-json\/wp\/v2\/media?parent=16340"}],"wp:term":[{"taxonomy":"category","embeddable":true,"href":"https:\/\/www.ayuntamientodeharia.com\/haria\/wp-json\/wp\/v2\/categories?post=16340"},{"taxonomy":"post_tag","embeddable":true,"href":"https:\/\/www.ayuntamientodeharia.com\/haria\/wp-json\/wp\/v2\/tags?post=16340"}],"curies":[{"name":"wp","href":"https:\/\/api.w.org\/{rel}","templated":true}]}}