{"id":16325,"date":"2019-07-05T16:13:00","date_gmt":"2019-07-05T16:13:00","guid":{"rendered":"https:\/\/www.ayuntamientodeharia.com\/haria\/?p=16325"},"modified":"2019-07-05T16:13:00","modified_gmt":"2019-07-05T16:13:00","slug":"acuerdo-de-gobernabilidad-entre-cc-y-psoe","status":"publish","type":"post","link":"https:\/\/www.ayuntamientodeharia.com\/haria\/acuerdo-de-gobernabilidad-entre-cc-y-psoe\/","title":{"rendered":"Acuerdo de gobernabilidad entre CC y PSOE"},"content":{"rendered":"<p>Los Partidos Pol\u00edticos Coalici\u00f3n Canaria y Partido Socialista Obrero Espa\u00f1ol han llegado a un acuerdo para dotar al Ayuntamiento de Har\u00eda de la necesaria estabilidad institucional en el mandato 2019\/2023, conformando un gobierno amplio que pueda implementar las pol\u00edticas que requiere el municipio.<\/p>\n<p><!--more--><\/p>\n<p>&nbsp;<\/p>\n<p>Coalici\u00f3n Canaria facilitar\u00e1 que el representante del PSOE ocupe la Alcald\u00eda durante los dos primeros a\u00f1os de mandato, mientras que los nacionalistas la ostentar\u00e1n los dos \u00faltimos a\u00f1os.<\/p>\n<p>&nbsp;<\/p>\n<p>Las \u00e1reas de gobierno quedar\u00e1n distribuidas de la siguiente forma:<\/p>\n<p>&nbsp;<\/p>\n<p>Coalici\u00f3n Canaria gestionar\u00e1 las \u00e1reas de: Bienestar Social, \u00c1rea de Mayores, Igualdad, Participaci\u00f3n Ciudadana, Centros Socioculturales, Sanidad, Vivienda, Festejos, Seguridad y Emergencias, Comercio y Consumo, Actividades Clasificadas, Empleo, Nuevas Tecnolog\u00edas, R\u00e9gimen Interior,\u00a0 Infraestructuras Deportivas, Parque M\u00f3vil, Infraestructuras Viarias, Conservaci\u00f3n y Mantenimiento de Bienes y Servicios, Coordinaci\u00f3n de Obras Municipales y \u00c1rea de Planificaci\u00f3n y Proyectos.<\/p>\n<p>&nbsp;<\/p>\n<p>El Partido Socialista Obrero Espa\u00f1ol gestionar\u00e1 las \u00e1reas de: Hacienda, Educaci\u00f3n, Juventud, Cultura, Artesan\u00eda, Patrimonio, Ordenaci\u00f3n Territorio, Oficina T\u00e9cnica, Catastro, Recursos Humanos, Turismo, Deportes, Transportes, Agricultura, Ganader\u00eda, Pesca y Caza. La Alcald\u00eda tendr\u00e1 adscrita las \u00e1reas de Transparencia y Polic\u00eda Local.<\/p>\n","protected":false},"excerpt":{"rendered":"<p>Los Partidos Pol\u00edticos Coalici\u00f3n Canaria y Partido Socialista Obrero Espa\u00f1ol han llegado a un acuerdo para dotar al Ayuntamiento de Har\u00eda de la necesaria estabilidad institucional en el mandato 2019\/2023, conformando un gobierno amplio que pueda implementar las pol\u00edticas que requiere el municipio.<\/p>\n","protected":false},"author":7,"featured_media":16326,"comment_status":"closed","ping_status":"closed","sticky":false,"template":"","format":"standard","meta":{"footnotes":""},"categories":[73,11,81],"tags":[],"class_list":["post-16325","post","type-post","status-publish","format-standard","has-post-thumbnail","hentry","category-alcaldia","category-hoja-de-haria","category-municipio"],"_links":{"self":[{"href":"https:\/\/www.ayuntamientodeharia.com\/haria\/wp-json\/wp\/v2\/posts\/16325","targetHints":{"allow":["GET"]}}],"collection":[{"href":"https:\/\/www.ayuntamientodeharia.com\/haria\/wp-json\/wp\/v2\/posts"}],"about":[{"href":"https:\/\/www.ayuntamientodeharia.com\/haria\/wp-json\/wp\/v2\/types\/post"}],"author":[{"embeddable":true,"href":"https:\/\/www.ayuntamientodeharia.com\/haria\/wp-json\/wp\/v2\/users\/7"}],"replies":[{"embeddable":true,"href":"https:\/\/www.ayuntamientodeharia.com\/haria\/wp-json\/wp\/v2\/comments?post=16325"}],"version-history":[{"count":1,"href":"https:\/\/www.ayuntamientodeharia.com\/haria\/wp-json\/wp\/v2\/posts\/16325\/revisions"}],"predecessor-version":[{"id":16327,"href":"https:\/\/www.ayuntamientodeharia.com\/haria\/wp-json\/wp\/v2\/posts\/16325\/revisions\/16327"}],"wp:featuredmedia":[{"embeddable":true,"href":"https:\/\/www.ayuntamientodeharia.com\/haria\/wp-json\/wp\/v2\/media\/16326"}],"wp:attachment":[{"href":"https:\/\/www.ayuntamientodeharia.com\/haria\/wp-json\/wp\/v2\/media?parent=16325"}],"wp:term":[{"taxonomy":"category","embeddable":true,"href":"https:\/\/www.ayuntamientodeharia.com\/haria\/wp-json\/wp\/v2\/categories?post=16325"},{"taxonomy":"post_tag","embeddable":true,"href":"https:\/\/www.ayuntamientodeharia.com\/haria\/wp-json\/wp\/v2\/tags?post=16325"}],"curies":[{"name":"wp","href":"https:\/\/api.w.org\/{rel}","templated":true}]}}