{"id":16317,"date":"2019-07-05T16:02:08","date_gmt":"2019-07-05T16:02:08","guid":{"rendered":"https:\/\/www.ayuntamientodeharia.com\/haria\/?p=16317"},"modified":"2019-07-05T16:02:08","modified_gmt":"2019-07-05T16:02:08","slug":"pateus-nocturnus-por-arrieta","status":"publish","type":"post","link":"https:\/\/www.ayuntamientodeharia.com\/haria\/pateus-nocturnus-por-arrieta\/","title":{"rendered":"Pateus nocturnus por Arrieta"},"content":{"rendered":"<p><img decoding=\"async\" class=\"alignleft size-thumbnail wp-image-10714\" src=\"https:\/\/www.ayuntamientodeharia.com\/haria\/wp-content\/uploads\/2017\/10\/pateus-nocturnus-1-150x150.jpg\" alt=\"\" width=\"150\" height=\"150\" \/>El martes 16 de julio, coincidiendo con la luna llena, la Concejal\u00eda de Juventud, coordinada por Soraya Brito, realizar\u00e1 un \u2018pateus nocturnus\u2019 por los alrededores del pueblo de Arrieta.<\/p>\n<p><!--more--><\/p>\n<p>&nbsp;<\/p>\n<p>La salida est\u00e1 prevista para las\u00a021:00 horas desde la playa de La Garita de Arrieta. El recorrido no presenta dificultad, por lo que est\u00e1 indicado para cualquier persona que quiera disfrutar de un paseo nocturno. Se recomienda a los asistentes llevar agua, linterna, ropa y calzado c\u00f3modo, as\u00ed como a los menores de 12 a\u00f1os ir acompa\u00f1ados por un adulto.<\/p>\n<p>&nbsp;<\/p>\n<p>Las personas interesadas en participar en el \u2018pateus\u2019 deber\u00e1n realizar la inscripci\u00f3n en la agenda de la web\u00a0<a href=\"http:\/\/www.juventudharia.es\">www.juventudharia.es<\/a>, a partir del mi\u00e9rcoles 10 de julio, ya que las plazas son limitadas y se ir\u00e1n cubriendo por orden de inscripci\u00f3n.\u00a0Para m\u00e1s informaci\u00f3n llamar al 928 835 009 (ext.6), o enviar un correo a <a href=\"mailto:juventud@ayuntamientodeharia.com\">juventud@ayuntamientodeharia.com<\/a>.<\/p>\n<p>&nbsp;<\/p>\n","protected":false},"excerpt":{"rendered":"<p>El martes 16 de julio, coincidiendo con la luna llena, la Concejal\u00eda de Juventud, coordinada por Soraya Brito, realizar\u00e1 un \u2018pateus nocturnus\u2019 por los alrededores del pueblo de Arrieta.<\/p>\n","protected":false},"author":7,"featured_media":0,"comment_status":"closed","ping_status":"closed","sticky":false,"template":"","format":"standard","meta":{"footnotes":""},"categories":[11,25],"tags":[],"class_list":["post-16317","post","type-post","status-publish","format-standard","hentry","category-hoja-de-haria","category-juventud"],"_links":{"self":[{"href":"https:\/\/www.ayuntamientodeharia.com\/haria\/wp-json\/wp\/v2\/posts\/16317","targetHints":{"allow":["GET"]}}],"collection":[{"href":"https:\/\/www.ayuntamientodeharia.com\/haria\/wp-json\/wp\/v2\/posts"}],"about":[{"href":"https:\/\/www.ayuntamientodeharia.com\/haria\/wp-json\/wp\/v2\/types\/post"}],"author":[{"embeddable":true,"href":"https:\/\/www.ayuntamientodeharia.com\/haria\/wp-json\/wp\/v2\/users\/7"}],"replies":[{"embeddable":true,"href":"https:\/\/www.ayuntamientodeharia.com\/haria\/wp-json\/wp\/v2\/comments?post=16317"}],"version-history":[{"count":1,"href":"https:\/\/www.ayuntamientodeharia.com\/haria\/wp-json\/wp\/v2\/posts\/16317\/revisions"}],"predecessor-version":[{"id":16318,"href":"https:\/\/www.ayuntamientodeharia.com\/haria\/wp-json\/wp\/v2\/posts\/16317\/revisions\/16318"}],"wp:attachment":[{"href":"https:\/\/www.ayuntamientodeharia.com\/haria\/wp-json\/wp\/v2\/media?parent=16317"}],"wp:term":[{"taxonomy":"category","embeddable":true,"href":"https:\/\/www.ayuntamientodeharia.com\/haria\/wp-json\/wp\/v2\/categories?post=16317"},{"taxonomy":"post_tag","embeddable":true,"href":"https:\/\/www.ayuntamientodeharia.com\/haria\/wp-json\/wp\/v2\/tags?post=16317"}],"curies":[{"name":"wp","href":"https:\/\/api.w.org\/{rel}","templated":true}]}}