{"id":16314,"date":"2019-07-05T15:59:05","date_gmt":"2019-07-05T15:59:05","guid":{"rendered":"https:\/\/www.ayuntamientodeharia.com\/haria\/?p=16314"},"modified":"2019-07-05T15:59:05","modified_gmt":"2019-07-05T15:59:05","slug":"clases-de-acroyoga-en-arrieta","status":"publish","type":"post","link":"https:\/\/www.ayuntamientodeharia.com\/haria\/clases-de-acroyoga-en-arrieta\/","title":{"rendered":"Clases de acroyoga en Arrieta"},"content":{"rendered":"<p>Con el inicio del verano, la Concejal\u00eda de Juventud, coordinada por Soraya Brito, pone en marcha la campa\u00f1a \u2018Har\u00eda Joven\u2019, perteneciente al proyecto \u2018Akistamos\u2019, financiado por el Gobierno de Canarias, en colaboraci\u00f3n con la Concejal\u00eda de Bienestar Social, coordinada por Chaxiraxi Niz.<\/p>\n<p><!--more--><\/p>\n<p>&nbsp;<\/p>\n<p>De entre las innumerables actividades a desarrollar desde el 2 de julio al 27 de septiembre en las localidades costeras de Arrieta, Punta Mujeres y \u00d3rzola destaca la impartici\u00f3n de clases de acroyoga dirigidas a j\u00f3venes mayores de 8 a\u00f1os.<\/p>\n<p>&nbsp;<\/p>\n<p>El acroyoga se define como una pr\u00e1ctica que fusiona el yoga, la acrobacia y las artes terap\u00e9uticas.<\/p>\n<p>&nbsp;<\/p>\n<p>Entre los beneficios que aporta a quien lo pr\u00e1ctica destacan el desarrollo de la flexibilidad y fuerza, el aumento de la\u00a0coordinaci\u00f3n motriz\u00a0y agilidad, el desarrollo de la estabilidad y equilibrio, as\u00ed como la mejora de la atenci\u00f3n\u00a0y la\u00a0conciencia, entre otros aspectos.<\/p>\n<p>&nbsp;<\/p>\n<p>Las clases de acroyoga se impartir\u00e1n los martes y jueves, de 11:30 a 13:00 horas, a partir del 9 de julio, en el CSC La Garita de Arrieta.<\/p>\n<p>&nbsp;<\/p>\n<p>Los j\u00f3venes interesados en recibir m\u00e1s informaci\u00f3n sobre la actividad pueden llamar al 928835009, extensi\u00f3n 6, enviar un correo a <a href=\"mailto:juventud@ayuntamientodeharia.com\">juventud@ayuntamientodeharia.com<\/a> o consultar la web <a href=\"http:\/\/www.juventudharia.es\">www.juventudharia.es<\/a>.<\/p>\n","protected":false},"excerpt":{"rendered":"<p>Con el inicio del verano, la Concejal\u00eda de Juventud, coordinada por Soraya Brito, pone en marcha la campa\u00f1a \u2018Har\u00eda Joven\u2019, perteneciente al proyecto \u2018Akistamos\u2019, financiado por el Gobierno de Canarias, en colaboraci\u00f3n con la Concejal\u00eda de Bienestar Social, coordinada por Chaxiraxi Niz.<\/p>\n","protected":false},"author":7,"featured_media":16315,"comment_status":"closed","ping_status":"closed","sticky":false,"template":"","format":"standard","meta":{"footnotes":""},"categories":[187,11,25],"tags":[],"class_list":["post-16314","post","type-post","status-publish","format-standard","has-post-thumbnail","hentry","category-bienestar-social","category-hoja-de-haria","category-juventud"],"_links":{"self":[{"href":"https:\/\/www.ayuntamientodeharia.com\/haria\/wp-json\/wp\/v2\/posts\/16314","targetHints":{"allow":["GET"]}}],"collection":[{"href":"https:\/\/www.ayuntamientodeharia.com\/haria\/wp-json\/wp\/v2\/posts"}],"about":[{"href":"https:\/\/www.ayuntamientodeharia.com\/haria\/wp-json\/wp\/v2\/types\/post"}],"author":[{"embeddable":true,"href":"https:\/\/www.ayuntamientodeharia.com\/haria\/wp-json\/wp\/v2\/users\/7"}],"replies":[{"embeddable":true,"href":"https:\/\/www.ayuntamientodeharia.com\/haria\/wp-json\/wp\/v2\/comments?post=16314"}],"version-history":[{"count":1,"href":"https:\/\/www.ayuntamientodeharia.com\/haria\/wp-json\/wp\/v2\/posts\/16314\/revisions"}],"predecessor-version":[{"id":16316,"href":"https:\/\/www.ayuntamientodeharia.com\/haria\/wp-json\/wp\/v2\/posts\/16314\/revisions\/16316"}],"wp:featuredmedia":[{"embeddable":true,"href":"https:\/\/www.ayuntamientodeharia.com\/haria\/wp-json\/wp\/v2\/media\/16315"}],"wp:attachment":[{"href":"https:\/\/www.ayuntamientodeharia.com\/haria\/wp-json\/wp\/v2\/media?parent=16314"}],"wp:term":[{"taxonomy":"category","embeddable":true,"href":"https:\/\/www.ayuntamientodeharia.com\/haria\/wp-json\/wp\/v2\/categories?post=16314"},{"taxonomy":"post_tag","embeddable":true,"href":"https:\/\/www.ayuntamientodeharia.com\/haria\/wp-json\/wp\/v2\/tags?post=16314"}],"curies":[{"name":"wp","href":"https:\/\/api.w.org\/{rel}","templated":true}]}}