{"id":16300,"date":"2019-07-05T15:52:57","date_gmt":"2019-07-05T15:52:57","guid":{"rendered":"https:\/\/www.ayuntamientodeharia.com\/haria\/?p=16300"},"modified":"2019-07-05T15:52:57","modified_gmt":"2019-07-05T15:52:57","slug":"sara-niz-gutierrez-premio-portera-promesa-infantil-en-el-torneo-maspalomas-cup-2019","status":"publish","type":"post","link":"https:\/\/www.ayuntamientodeharia.com\/haria\/sara-niz-gutierrez-premio-portera-promesa-infantil-en-el-torneo-maspalomas-cup-2019\/","title":{"rendered":"Sara Niz Guti\u00e9rrez, premio \u2018Portera promesa infantil\u2019 en el \u2018Torneo Maspalomas Cup 2019\u2019"},"content":{"rendered":"<p><img decoding=\"async\" class=\"alignleft size-thumbnail wp-image-16302\" src=\"https:\/\/www.ayuntamientodeharia.com\/haria\/wp-content\/uploads\/2019\/07\/Sara-Niz-150x150.jpeg\" alt=\"\" width=\"150\" height=\"150\" \/>La joven norte\u00f1a Sara Niz Guti\u00e9rrez, de la AD Volc\u00e1n Sport, fue reconocida como la mejor portera en la categor\u00eda infantil durante su participaci\u00f3n en el \u2018IV Torneo Maspalomas Cup\u2019 celebrado del 25 al 30 de junio, en San Bartolom\u00e9 de Tirajana.<\/p>\n<p><!--more--><\/p>\n<p>&nbsp;<\/p>\n<p>Tanto el alcalde como el concejal de Deportes, Marci Acu\u00f1a e Armando Bonilla, respectivamente, desean felicitar p\u00fablicamente a Sara Niz por el nuevo reconocimiento obtenido en una competici\u00f3n deportiva.<\/p>\n","protected":false},"excerpt":{"rendered":"<p>La joven norte\u00f1a Sara Niz Guti\u00e9rrez, de la AD Volc\u00e1n Sport, fue reconocida como la mejor portera en la categor\u00eda infantil durante su participaci\u00f3n en el \u2018IV Torneo Maspalomas Cup\u2019 celebrado del 25 al 30 de junio, en San Bartolom\u00e9 de Tirajana.<\/p>\n","protected":false},"author":7,"featured_media":0,"comment_status":"closed","ping_status":"closed","sticky":false,"template":"","format":"standard","meta":{"footnotes":""},"categories":[17,11],"tags":[],"class_list":["post-16300","post","type-post","status-publish","format-standard","hentry","category-deportes","category-hoja-de-haria"],"_links":{"self":[{"href":"https:\/\/www.ayuntamientodeharia.com\/haria\/wp-json\/wp\/v2\/posts\/16300","targetHints":{"allow":["GET"]}}],"collection":[{"href":"https:\/\/www.ayuntamientodeharia.com\/haria\/wp-json\/wp\/v2\/posts"}],"about":[{"href":"https:\/\/www.ayuntamientodeharia.com\/haria\/wp-json\/wp\/v2\/types\/post"}],"author":[{"embeddable":true,"href":"https:\/\/www.ayuntamientodeharia.com\/haria\/wp-json\/wp\/v2\/users\/7"}],"replies":[{"embeddable":true,"href":"https:\/\/www.ayuntamientodeharia.com\/haria\/wp-json\/wp\/v2\/comments?post=16300"}],"version-history":[{"count":1,"href":"https:\/\/www.ayuntamientodeharia.com\/haria\/wp-json\/wp\/v2\/posts\/16300\/revisions"}],"predecessor-version":[{"id":16303,"href":"https:\/\/www.ayuntamientodeharia.com\/haria\/wp-json\/wp\/v2\/posts\/16300\/revisions\/16303"}],"wp:attachment":[{"href":"https:\/\/www.ayuntamientodeharia.com\/haria\/wp-json\/wp\/v2\/media?parent=16300"}],"wp:term":[{"taxonomy":"category","embeddable":true,"href":"https:\/\/www.ayuntamientodeharia.com\/haria\/wp-json\/wp\/v2\/categories?post=16300"},{"taxonomy":"post_tag","embeddable":true,"href":"https:\/\/www.ayuntamientodeharia.com\/haria\/wp-json\/wp\/v2\/tags?post=16300"}],"curies":[{"name":"wp","href":"https:\/\/api.w.org\/{rel}","templated":true}]}}