{"id":15951,"date":"2019-05-12T10:24:19","date_gmt":"2019-05-12T10:24:19","guid":{"rendered":"http:\/\/www.ayuntamientodeharia.com\/haria\/?p=15951"},"modified":"2019-05-12T10:25:10","modified_gmt":"2019-05-12T10:25:10","slug":"reconocimiento-a-agentes-de-la-policia-local","status":"publish","type":"post","link":"https:\/\/www.ayuntamientodeharia.com\/haria\/reconocimiento-a-agentes-de-la-policia-local\/","title":{"rendered":"Reconocimiento a agentes de la Polic\u00eda Local"},"content":{"rendered":"<p>El pasado viernes, 3 de mayo, el Ayuntamiento de Har\u00eda reconoci\u00f3 los a\u00f1os de servicio prestados por cinco agentes de la Polic\u00eda Local, as\u00ed como la labor desarrollada por don Heraclio Niz durante los 38 a\u00f1os de servicio.<\/p>\n<p><!--more--><\/p>\n<p>&nbsp;<\/p>\n<p>Durante el transcurso del acto, en el que estuvieron presentes el alcalde, concejales y la totalidad de los agentes de la Polic\u00eda Local de Har\u00eda as\u00ed como de diversas autoridades militares y oficiales de las polic\u00edas locales de la Isla, se hizo entrega a los agentes Alberto Navarro, Gabino Hern\u00e1ndez y Francisco M\u00e9ndez de las medallas correspondientes a los XX y XXV de servicio y a Marcos de Le\u00f3n y Juan Carlos P\u00e9rez de las medallas que le confieren los XX a\u00f1os de servicio.<\/p>\n<p>&nbsp;<\/p>\n<p>Tras finalizar la entrega de medallas, el alcalde de Har\u00eda hizo entrega de una placa a don Heraclio Niz en reconocimiento y agradecimiento a la profesionalidad y servicios prestados al municipio desde el 13 de agosto de 1981 al 11 de febrero de 2019, donde ha ejercido como agente auxiliar, cabo y jefe de la Polic\u00eda Local de Har\u00eda.<\/p>\n<p><img decoding=\"async\" class=\"alignleft size-thumbnail wp-image-15953\" src=\"http:\/\/www.ayuntamientodeharia.com\/haria\/wp-content\/uploads\/2019\/05\/Reconocimiento-Polic\u00eda-Local-2-150x150.jpg\" alt=\"\" width=\"150\" height=\"150\" \/><\/p>\n","protected":false},"excerpt":{"rendered":"<p>El pasado viernes, 3 de mayo, el Ayuntamiento de Har\u00eda reconoci\u00f3 los a\u00f1os de servicio prestados por cinco agentes de la Polic\u00eda Local, as\u00ed como la labor desarrollada por don Heraclio Niz durante los 38 a\u00f1os de servicio.<\/p>\n","protected":false},"author":7,"featured_media":15952,"comment_status":"closed","ping_status":"closed","sticky":false,"template":"","format":"standard","meta":{"footnotes":""},"categories":[73,11,89,84],"tags":[],"class_list":["post-15951","post","type-post","status-publish","format-standard","has-post-thumbnail","hentry","category-alcaldia","category-hoja-de-haria","category-policia-local","category-seguridad-y-emergencias"],"_links":{"self":[{"href":"https:\/\/www.ayuntamientodeharia.com\/haria\/wp-json\/wp\/v2\/posts\/15951","targetHints":{"allow":["GET"]}}],"collection":[{"href":"https:\/\/www.ayuntamientodeharia.com\/haria\/wp-json\/wp\/v2\/posts"}],"about":[{"href":"https:\/\/www.ayuntamientodeharia.com\/haria\/wp-json\/wp\/v2\/types\/post"}],"author":[{"embeddable":true,"href":"https:\/\/www.ayuntamientodeharia.com\/haria\/wp-json\/wp\/v2\/users\/7"}],"replies":[{"embeddable":true,"href":"https:\/\/www.ayuntamientodeharia.com\/haria\/wp-json\/wp\/v2\/comments?post=15951"}],"version-history":[{"count":1,"href":"https:\/\/www.ayuntamientodeharia.com\/haria\/wp-json\/wp\/v2\/posts\/15951\/revisions"}],"predecessor-version":[{"id":15954,"href":"https:\/\/www.ayuntamientodeharia.com\/haria\/wp-json\/wp\/v2\/posts\/15951\/revisions\/15954"}],"wp:featuredmedia":[{"embeddable":true,"href":"https:\/\/www.ayuntamientodeharia.com\/haria\/wp-json\/wp\/v2\/media\/15952"}],"wp:attachment":[{"href":"https:\/\/www.ayuntamientodeharia.com\/haria\/wp-json\/wp\/v2\/media?parent=15951"}],"wp:term":[{"taxonomy":"category","embeddable":true,"href":"https:\/\/www.ayuntamientodeharia.com\/haria\/wp-json\/wp\/v2\/categories?post=15951"},{"taxonomy":"post_tag","embeddable":true,"href":"https:\/\/www.ayuntamientodeharia.com\/haria\/wp-json\/wp\/v2\/tags?post=15951"}],"curies":[{"name":"wp","href":"https:\/\/api.w.org\/{rel}","templated":true}]}}