{"id":15714,"date":"2019-04-12T09:16:18","date_gmt":"2019-04-12T09:16:18","guid":{"rendered":"http:\/\/www.ayuntamientodeharia.com\/haria\/?p=15714"},"modified":"2019-04-12T09:16:18","modified_gmt":"2019-04-12T09:16:18","slug":"haria-acoge-la-proyeccion-del-documental-un-experimento-maravilloso","status":"publish","type":"post","link":"https:\/\/www.ayuntamientodeharia.com\/haria\/haria-acoge-la-proyeccion-del-documental-un-experimento-maravilloso\/","title":{"rendered":"Har\u00eda acoge la proyecci\u00f3n del documental \u2018Un experimento maravilloso\u2019"},"content":{"rendered":"<p>El mi\u00e9rcoles 24 de abril, a las 20:30 horas, se proyectar\u00e1 en la plaza de Har\u00eda el documental \u2018Un experimento maravilloso\u2019, realizado por Har\u00eda Society en reconocimiento y homenaje a C\u00e9sar Manrique.<\/p>\n<p><!--more--><\/p>\n<p>&nbsp;<\/p>\n<p>Este documental fue realizado por un grupo de vecinos del pueblo de Har\u00eda preocupados por los cambios que se estaban produciendo en la isla de Lanzarote a consecuencia del turismo de masas.<\/p>\n<p>&nbsp;<\/p>\n<p>Recordando las palabras de un amigo sabio, ya fallecido, deciden unirse para realizar una pel\u00edcula en la que se recogiese las tradiciones, el medio natural, el patrimonio, la cultura etc.<\/p>\n<p>&nbsp;<\/p>\n<p>La defensa de las tradiciones como se\u00f1a de identidad y la propuesta del ecoturismo como v\u00eda para el desarrollo econ\u00f3mico del municipio fueron clave para que el stand de Har\u00eda Society fuera premiado por los organizadores de la ITB de Berl\u00edn.<\/p>\n","protected":false},"excerpt":{"rendered":"<p>El mi\u00e9rcoles 24 de abril, a las 20:30 horas, se proyectar\u00e1 en la plaza de Har\u00eda el documental \u2018Un experimento maravilloso\u2019, realizado por Har\u00eda Society en reconocimiento y homenaje a C\u00e9sar Manrique.<\/p>\n","protected":false},"author":7,"featured_media":15716,"comment_status":"closed","ping_status":"closed","sticky":false,"template":"","format":"standard","meta":{"footnotes":""},"categories":[16,11,51],"tags":[],"class_list":["post-15714","post","type-post","status-publish","format-standard","has-post-thumbnail","hentry","category-cultura","category-hoja-de-haria","category-medioambiente"],"_links":{"self":[{"href":"https:\/\/www.ayuntamientodeharia.com\/haria\/wp-json\/wp\/v2\/posts\/15714","targetHints":{"allow":["GET"]}}],"collection":[{"href":"https:\/\/www.ayuntamientodeharia.com\/haria\/wp-json\/wp\/v2\/posts"}],"about":[{"href":"https:\/\/www.ayuntamientodeharia.com\/haria\/wp-json\/wp\/v2\/types\/post"}],"author":[{"embeddable":true,"href":"https:\/\/www.ayuntamientodeharia.com\/haria\/wp-json\/wp\/v2\/users\/7"}],"replies":[{"embeddable":true,"href":"https:\/\/www.ayuntamientodeharia.com\/haria\/wp-json\/wp\/v2\/comments?post=15714"}],"version-history":[{"count":1,"href":"https:\/\/www.ayuntamientodeharia.com\/haria\/wp-json\/wp\/v2\/posts\/15714\/revisions"}],"predecessor-version":[{"id":15717,"href":"https:\/\/www.ayuntamientodeharia.com\/haria\/wp-json\/wp\/v2\/posts\/15714\/revisions\/15717"}],"wp:featuredmedia":[{"embeddable":true,"href":"https:\/\/www.ayuntamientodeharia.com\/haria\/wp-json\/wp\/v2\/media\/15716"}],"wp:attachment":[{"href":"https:\/\/www.ayuntamientodeharia.com\/haria\/wp-json\/wp\/v2\/media?parent=15714"}],"wp:term":[{"taxonomy":"category","embeddable":true,"href":"https:\/\/www.ayuntamientodeharia.com\/haria\/wp-json\/wp\/v2\/categories?post=15714"},{"taxonomy":"post_tag","embeddable":true,"href":"https:\/\/www.ayuntamientodeharia.com\/haria\/wp-json\/wp\/v2\/tags?post=15714"}],"curies":[{"name":"wp","href":"https:\/\/api.w.org\/{rel}","templated":true}]}}