{"id":15640,"date":"2019-03-29T17:22:39","date_gmt":"2019-03-29T17:22:39","guid":{"rendered":"http:\/\/www.ayuntamientodeharia.com\/haria\/?p=15640"},"modified":"2019-03-29T17:22:39","modified_gmt":"2019-03-29T17:22:39","slug":"el-ayuntamiento-organiza-un-viaje-a-polonia","status":"publish","type":"post","link":"https:\/\/www.ayuntamientodeharia.com\/haria\/el-ayuntamiento-organiza-un-viaje-a-polonia\/","title":{"rendered":"El Ayuntamiento organiza un viaje a Polonia"},"content":{"rendered":"<p>El Consistorio norte\u00f1o, a trav\u00e9s de la Concejal\u00eda de Participaci\u00f3n Ciudadana, coordinada por Elisabet Socas, organiza un viaje a Polonia, del 15 al 23 de julio, dirigido a todos los vecinos del municipio.<\/p>\n<p><!--more--><\/p>\n<p>&nbsp;<\/p>\n<p>Los asistentes al viaje visitar\u00e1n la ciudad de Varsovia. Su casco antiguo, reconstruido con tal fidelidad tras la segunda guerra mundial, fue incluido en la lista de Patrimonio de la Humanidad de la UNESCO. Destacan la Plaza del Mercado, la Catedral y la Plaza del Castillo, desde donde parte la V\u00eda Real que finaliza en el Palacio de Wilan\u00f3w, residencia de verano de los monarcas polacos.<\/p>\n<p>&nbsp;<\/p>\n<p>Se visitar\u00e1 tambi\u00e9n la ciudad de Wroclaw, conocida como la \u2018Venecia polaca\u2019 por sus diversos canales y los cientos de puentes que los atraviesan.<\/p>\n<p>&nbsp;<\/p>\n<p>Antes de llegar a la ciudad de Cracovia, los asistentes al viaje conocer\u00e1n el campo de concentraci\u00f3n Auschwitz, levantado por los nazis en 1940.<\/p>\n<p>&nbsp;<\/p>\n<p>Cracovia es la capital hist\u00f3rica de Polonia. El conjunto monumental del casco antiguo, junto con la colina de Wawel, fueron declarados por la UNESCO Patrimonio de la Humanidad gracias a su arquitectura medieval.<\/p>\n<p>&nbsp;<\/p>\n<p>Las minas de Sal de Wieliczka, otro de los lugares a visitar, est\u00e1n formadas por un laberinto de galer\u00edas y c\u00e1maras de m\u00e1s 350 kil\u00f3metros de largo donde se extrae sal desde el siglo XIII hasta hoy.<\/p>\n<p>&nbsp;<\/p>\n<p>Las personas interesadas en asistir al viaje deber\u00e1n formalizar la inscripci\u00f3n lo antes posible, ya que las plazas son limitadas y se ir\u00e1n cubriendo por orden de reserva. Para realizar las gestiones oportunas o recibir m\u00e1s informaci\u00f3n deber\u00e1n llamar al 928 835 633, en horario de oficina.<\/p>\n","protected":false},"excerpt":{"rendered":"<p>El Consistorio norte\u00f1o, a trav\u00e9s de la Concejal\u00eda de Participaci\u00f3n Ciudadana, coordinada por Elisabet Socas, organiza un viaje a Polonia, del 15 al 23 de julio, dirigido a todos los vecinos del municipio.<\/p>\n","protected":false},"author":7,"featured_media":15641,"comment_status":"closed","ping_status":"closed","sticky":false,"template":"","format":"standard","meta":{"footnotes":""},"categories":[11,111],"tags":[],"class_list":["post-15640","post","type-post","status-publish","format-standard","has-post-thumbnail","hentry","category-hoja-de-haria","category-participacion-ciudadana"],"_links":{"self":[{"href":"https:\/\/www.ayuntamientodeharia.com\/haria\/wp-json\/wp\/v2\/posts\/15640","targetHints":{"allow":["GET"]}}],"collection":[{"href":"https:\/\/www.ayuntamientodeharia.com\/haria\/wp-json\/wp\/v2\/posts"}],"about":[{"href":"https:\/\/www.ayuntamientodeharia.com\/haria\/wp-json\/wp\/v2\/types\/post"}],"author":[{"embeddable":true,"href":"https:\/\/www.ayuntamientodeharia.com\/haria\/wp-json\/wp\/v2\/users\/7"}],"replies":[{"embeddable":true,"href":"https:\/\/www.ayuntamientodeharia.com\/haria\/wp-json\/wp\/v2\/comments?post=15640"}],"version-history":[{"count":1,"href":"https:\/\/www.ayuntamientodeharia.com\/haria\/wp-json\/wp\/v2\/posts\/15640\/revisions"}],"predecessor-version":[{"id":15642,"href":"https:\/\/www.ayuntamientodeharia.com\/haria\/wp-json\/wp\/v2\/posts\/15640\/revisions\/15642"}],"wp:featuredmedia":[{"embeddable":true,"href":"https:\/\/www.ayuntamientodeharia.com\/haria\/wp-json\/wp\/v2\/media\/15641"}],"wp:attachment":[{"href":"https:\/\/www.ayuntamientodeharia.com\/haria\/wp-json\/wp\/v2\/media?parent=15640"}],"wp:term":[{"taxonomy":"category","embeddable":true,"href":"https:\/\/www.ayuntamientodeharia.com\/haria\/wp-json\/wp\/v2\/categories?post=15640"},{"taxonomy":"post_tag","embeddable":true,"href":"https:\/\/www.ayuntamientodeharia.com\/haria\/wp-json\/wp\/v2\/tags?post=15640"}],"curies":[{"name":"wp","href":"https:\/\/api.w.org\/{rel}","templated":true}]}}