{"id":15634,"date":"2019-03-29T17:17:24","date_gmt":"2019-03-29T17:17:24","guid":{"rendered":"http:\/\/www.ayuntamientodeharia.com\/haria\/?p=15634"},"modified":"2019-03-29T17:17:56","modified_gmt":"2019-03-29T17:17:56","slug":"el-gobierno-de-canarias-solicitara-la-incorporacion-de-la-cochinilla-al-programa-de-ayudas-posei","status":"publish","type":"post","link":"https:\/\/www.ayuntamientodeharia.com\/haria\/el-gobierno-de-canarias-solicitara-la-incorporacion-de-la-cochinilla-al-programa-de-ayudas-posei\/","title":{"rendered":"El Gobierno de Canarias solicitar\u00e1 la incorporaci\u00f3n de la cochinilla al programa de ayudas POSEI"},"content":{"rendered":"<p><img decoding=\"async\" class=\"alignleft size-thumbnail wp-image-10677\" src=\"http:\/\/www.ayuntamientodeharia.com\/haria\/wp-content\/uploads\/2017\/10\/Asociaci\u00f3n-Milana-150x150.jpg\" alt=\"\" width=\"150\" height=\"150\" \/>El consejero de Agricultura del Gobierno de Canarias, Narvay Quintero, anunci\u00f3 en el Parlamento auton\u00f3mico que el Ejecutivo solicitar\u00e1 antes de julio de manera formal a la UE la inclusi\u00f3n de la cochinilla al r\u00e9gimen de compensaciones del Programa Comunitario de Apoyo a las Producciones Agrarias de Canarias (POSEI).<\/p>\n<p><!--more--><\/p>\n<p>&nbsp;<\/p>\n<p>Quintero ha informado de que el departamento que dirige \u201cest\u00e1 ultimando el informe sobre costes de estas producciones\u201d, que ser\u00e1 presentado \u201cal sector a mediados del mes de abril, para concretar dicha solicitud a la UE\u201d.<\/p>\n<p>&nbsp;<\/p>\n<p>En dos semanas se presentar\u00e1 al sector el informe encargado para evaluar costes de producci\u00f3n de este cultivo, que ocupa unas 350 hect\u00e1reas, principalmente en Lanzarote y Gran Canaria.<\/p>\n","protected":false},"excerpt":{"rendered":"<p>El consejero de Agricultura del Gobierno de Canarias, Narvay Quintero, anunci\u00f3 en el Parlamento auton\u00f3mico que el Ejecutivo solicitar\u00e1 antes de julio de manera formal a la UE la inclusi\u00f3n de la cochinilla al r\u00e9gimen de compensaciones del Programa Comunitario de Apoyo a las Producciones Agrarias de Canarias (POSEI).<\/p>\n","protected":false},"author":7,"featured_media":0,"comment_status":"closed","ping_status":"closed","sticky":false,"template":"","format":"standard","meta":{"footnotes":""},"categories":[20,11],"tags":[],"class_list":["post-15634","post","type-post","status-publish","format-standard","hentry","category-agricultura","category-hoja-de-haria"],"_links":{"self":[{"href":"https:\/\/www.ayuntamientodeharia.com\/haria\/wp-json\/wp\/v2\/posts\/15634","targetHints":{"allow":["GET"]}}],"collection":[{"href":"https:\/\/www.ayuntamientodeharia.com\/haria\/wp-json\/wp\/v2\/posts"}],"about":[{"href":"https:\/\/www.ayuntamientodeharia.com\/haria\/wp-json\/wp\/v2\/types\/post"}],"author":[{"embeddable":true,"href":"https:\/\/www.ayuntamientodeharia.com\/haria\/wp-json\/wp\/v2\/users\/7"}],"replies":[{"embeddable":true,"href":"https:\/\/www.ayuntamientodeharia.com\/haria\/wp-json\/wp\/v2\/comments?post=15634"}],"version-history":[{"count":2,"href":"https:\/\/www.ayuntamientodeharia.com\/haria\/wp-json\/wp\/v2\/posts\/15634\/revisions"}],"predecessor-version":[{"id":15636,"href":"https:\/\/www.ayuntamientodeharia.com\/haria\/wp-json\/wp\/v2\/posts\/15634\/revisions\/15636"}],"wp:attachment":[{"href":"https:\/\/www.ayuntamientodeharia.com\/haria\/wp-json\/wp\/v2\/media?parent=15634"}],"wp:term":[{"taxonomy":"category","embeddable":true,"href":"https:\/\/www.ayuntamientodeharia.com\/haria\/wp-json\/wp\/v2\/categories?post=15634"},{"taxonomy":"post_tag","embeddable":true,"href":"https:\/\/www.ayuntamientodeharia.com\/haria\/wp-json\/wp\/v2\/tags?post=15634"}],"curies":[{"name":"wp","href":"https:\/\/api.w.org\/{rel}","templated":true}]}}