{"id":15631,"date":"2019-03-29T17:14:28","date_gmt":"2019-03-29T17:14:28","guid":{"rendered":"http:\/\/www.ayuntamientodeharia.com\/haria\/?p=15631"},"modified":"2019-03-29T17:26:27","modified_gmt":"2019-03-29T17:26:27","slug":"la-escuela-municipal-de-karate-presente-en-los-campeonatos-del-circuito-de-deportes-base","status":"publish","type":"post","link":"https:\/\/www.ayuntamientodeharia.com\/haria\/la-escuela-municipal-de-karate-presente-en-los-campeonatos-del-circuito-de-deportes-base\/","title":{"rendered":"La Escuela Municipal de K\u00e1rate, presente en los campeonatos del Circuito de Deportes Base"},"content":{"rendered":"<p>Los alumnos de la Escuela Municipal de K\u00e1rate de Har\u00eda participaron el pasado s\u00e1bado, 23 marzo, en la competici\u00f3n de Karate, modalidades katas y kumite, celebrada en el Pabell\u00f3n Municipal de Deportes de T\u00edas.<\/p>\n<p><!--more--><\/p>\n<p>&nbsp;<\/p>\n<p>Esta competici\u00f3n, que forma parte del Cabildo de Lanzarote, estuvo organizada por la Federaci\u00f3n Insular de Karate de Lanzarote.<\/p>\n","protected":false},"excerpt":{"rendered":"<p>Los alumnos de la Escuela Municipal de K\u00e1rate de Har\u00eda participaron el pasado s\u00e1bado, 23 marzo, en la competici\u00f3n de Karate, modalidades katas y kumite, celebrada en el Pabell\u00f3n Municipal de Deportes de T\u00edas.<\/p>\n","protected":false},"author":7,"featured_media":15632,"comment_status":"closed","ping_status":"closed","sticky":false,"template":"","format":"standard","meta":{"footnotes":""},"categories":[17,11],"tags":[],"class_list":["post-15631","post","type-post","status-publish","format-standard","has-post-thumbnail","hentry","category-deportes","category-hoja-de-haria"],"_links":{"self":[{"href":"https:\/\/www.ayuntamientodeharia.com\/haria\/wp-json\/wp\/v2\/posts\/15631","targetHints":{"allow":["GET"]}}],"collection":[{"href":"https:\/\/www.ayuntamientodeharia.com\/haria\/wp-json\/wp\/v2\/posts"}],"about":[{"href":"https:\/\/www.ayuntamientodeharia.com\/haria\/wp-json\/wp\/v2\/types\/post"}],"author":[{"embeddable":true,"href":"https:\/\/www.ayuntamientodeharia.com\/haria\/wp-json\/wp\/v2\/users\/7"}],"replies":[{"embeddable":true,"href":"https:\/\/www.ayuntamientodeharia.com\/haria\/wp-json\/wp\/v2\/comments?post=15631"}],"version-history":[{"count":2,"href":"https:\/\/www.ayuntamientodeharia.com\/haria\/wp-json\/wp\/v2\/posts\/15631\/revisions"}],"predecessor-version":[{"id":15646,"href":"https:\/\/www.ayuntamientodeharia.com\/haria\/wp-json\/wp\/v2\/posts\/15631\/revisions\/15646"}],"wp:featuredmedia":[{"embeddable":true,"href":"https:\/\/www.ayuntamientodeharia.com\/haria\/wp-json\/wp\/v2\/media\/15632"}],"wp:attachment":[{"href":"https:\/\/www.ayuntamientodeharia.com\/haria\/wp-json\/wp\/v2\/media?parent=15631"}],"wp:term":[{"taxonomy":"category","embeddable":true,"href":"https:\/\/www.ayuntamientodeharia.com\/haria\/wp-json\/wp\/v2\/categories?post=15631"},{"taxonomy":"post_tag","embeddable":true,"href":"https:\/\/www.ayuntamientodeharia.com\/haria\/wp-json\/wp\/v2\/tags?post=15631"}],"curies":[{"name":"wp","href":"https:\/\/api.w.org\/{rel}","templated":true}]}}