{"id":15303,"date":"2019-02-01T14:04:07","date_gmt":"2019-02-01T14:04:07","guid":{"rendered":"http:\/\/www.ayuntamientodeharia.com\/haria\/?p=15303"},"modified":"2019-02-01T14:04:16","modified_gmt":"2019-02-01T14:04:16","slug":"el-circo-tematica-elegida-para-el-carnaval-de-haria","status":"publish","type":"post","link":"https:\/\/www.ayuntamientodeharia.com\/haria\/el-circo-tematica-elegida-para-el-carnaval-de-haria\/","title":{"rendered":"\u2018El circo\u2019, tem\u00e1tica elegida para el Carnaval de Har\u00eda"},"content":{"rendered":"<p><img decoding=\"async\" class=\"alignleft size-thumbnail wp-image-15304\" src=\"http:\/\/www.ayuntamientodeharia.com\/haria\/wp-content\/uploads\/2019\/02\/Circo-150x150.jpg\" alt=\"Circo\" width=\"150\" height=\"150\" \/>\u2018El circo\u2019 ha sido finalmente la tem\u00e1tica elegida por votaci\u00f3n popular, entre la tres propuestas por el Ayuntamiento, para simbolizarla alegor\u00eda de los carnavales de Har\u00eda, que se celebran del 21 al 24 de marzo.<\/p>\n<p><!--more--><\/p>\n<p>&nbsp;<\/p>\n<p>Las personas interesadas en participar en el concurso del cartel anunciador de los carnavales norte\u00f1os podr\u00e1n solicitar las bases reguladoras del mismo\u00a0 a trav\u00e9s del correo electr\u00f3nico <a href=\"mailto:festejos@ayuntamientodeharia.com\">festejos@ayuntamientodeharia.com<\/a>. Las obras podr\u00e1n entregarse hasta el 11 de febrero, previa presentaci\u00f3n de la solicitud en el Registro General.<\/p>\n","protected":false},"excerpt":{"rendered":"<p>\u2018El circo\u2019 ha sido finalmente la tem\u00e1tica elegida por votaci\u00f3n popular, entre la tres propuestas por el Ayuntamiento, para simbolizarla alegor\u00eda de los carnavales de Har\u00eda, que se celebran del 21 al 24 de marzo.<\/p>\n","protected":false},"author":7,"featured_media":0,"comment_status":"closed","ping_status":"closed","sticky":false,"template":"","format":"standard","meta":{"footnotes":""},"categories":[15,11],"tags":[],"class_list":["post-15303","post","type-post","status-publish","format-standard","hentry","category-festejos","category-hoja-de-haria"],"_links":{"self":[{"href":"https:\/\/www.ayuntamientodeharia.com\/haria\/wp-json\/wp\/v2\/posts\/15303","targetHints":{"allow":["GET"]}}],"collection":[{"href":"https:\/\/www.ayuntamientodeharia.com\/haria\/wp-json\/wp\/v2\/posts"}],"about":[{"href":"https:\/\/www.ayuntamientodeharia.com\/haria\/wp-json\/wp\/v2\/types\/post"}],"author":[{"embeddable":true,"href":"https:\/\/www.ayuntamientodeharia.com\/haria\/wp-json\/wp\/v2\/users\/7"}],"replies":[{"embeddable":true,"href":"https:\/\/www.ayuntamientodeharia.com\/haria\/wp-json\/wp\/v2\/comments?post=15303"}],"version-history":[{"count":1,"href":"https:\/\/www.ayuntamientodeharia.com\/haria\/wp-json\/wp\/v2\/posts\/15303\/revisions"}],"predecessor-version":[{"id":15305,"href":"https:\/\/www.ayuntamientodeharia.com\/haria\/wp-json\/wp\/v2\/posts\/15303\/revisions\/15305"}],"wp:attachment":[{"href":"https:\/\/www.ayuntamientodeharia.com\/haria\/wp-json\/wp\/v2\/media?parent=15303"}],"wp:term":[{"taxonomy":"category","embeddable":true,"href":"https:\/\/www.ayuntamientodeharia.com\/haria\/wp-json\/wp\/v2\/categories?post=15303"},{"taxonomy":"post_tag","embeddable":true,"href":"https:\/\/www.ayuntamientodeharia.com\/haria\/wp-json\/wp\/v2\/tags?post=15303"}],"curies":[{"name":"wp","href":"https:\/\/api.w.org\/{rel}","templated":true}]}}