{"id":15297,"date":"2019-02-01T14:01:24","date_gmt":"2019-02-01T14:01:24","guid":{"rendered":"http:\/\/www.ayuntamientodeharia.com\/haria\/?p=15297"},"modified":"2019-02-01T14:01:24","modified_gmt":"2019-02-01T14:01:24","slug":"las-pruebas-de-orientacion-deportiva-entusiasman-a-los-jovenes-del-municipio","status":"publish","type":"post","link":"https:\/\/www.ayuntamientodeharia.com\/haria\/las-pruebas-de-orientacion-deportiva-entusiasman-a-los-jovenes-del-municipio\/","title":{"rendered":"Las pruebas de orientaci\u00f3n deportiva entusiasman a los j\u00f3venes del municipio"},"content":{"rendered":"<p>Estudiantes de sexto de primaria del CEIP San Juan y La Garita y de la ESO del IES Har\u00eda se trasladaron el pasado fin de semana a la isla de La Graciosa para participar en una jornada de orientaci\u00f3n deportiva, dentro del proyecto puesto en marcha por la Concejal\u00eda de Juventud del ayuntamiento de Har\u00eda para este curso.<\/p>\n<p><!--more--><\/p>\n<p>&nbsp;<\/p>\n<p>A trav\u00e9s de esta iniciativa se intenta ense\u00f1ar a los j\u00f3venes t\u00e9cnicas de orientaci\u00f3n en el medio natural y fomentar h\u00e1bitos saludables a trav\u00e9s de formas de diversi\u00f3n alternativas.<\/p>\n<p>&nbsp;<\/p>\n<p>Los veintisiete j\u00f3venes participantes en la jornada de orientaci\u00f3n realizaron varias carreras urbanas de orientaci\u00f3n deportiva, un taller te\u00f3rico sobre el deporte de orientaci\u00f3n y sus t\u00e9cnicas y un pateo nocturno.<\/p>\n<p>&nbsp;<\/p>\n<p>Ante la buena acogida que este tipo de actividades tiene entre los j\u00f3venes, el equipo responsable del proyecto est\u00e1 trabajando no solo en las diferentes jornadas y competiciones en las que participa el equipo de orientaci\u00f3n de Har\u00eda, sino tambi\u00e9n en una nueva salida a otra isla.<\/p>\n","protected":false},"excerpt":{"rendered":"<p>Estudiantes de sexto de primaria del CEIP San Juan y La Garita y de la ESO del IES Har\u00eda se trasladaron el pasado fin de semana a la isla de La Graciosa para participar en una jornada de orientaci\u00f3n deportiva, dentro del proyecto puesto en marcha por la Concejal\u00eda de Juventud del ayuntamiento de Har\u00eda [&hellip;]<\/p>\n","protected":false},"author":7,"featured_media":15298,"comment_status":"closed","ping_status":"closed","sticky":false,"template":"","format":"standard","meta":{"footnotes":""},"categories":[19,11,25],"tags":[],"class_list":["post-15297","post","type-post","status-publish","format-standard","has-post-thumbnail","hentry","category-formacion","category-hoja-de-haria","category-juventud"],"_links":{"self":[{"href":"https:\/\/www.ayuntamientodeharia.com\/haria\/wp-json\/wp\/v2\/posts\/15297","targetHints":{"allow":["GET"]}}],"collection":[{"href":"https:\/\/www.ayuntamientodeharia.com\/haria\/wp-json\/wp\/v2\/posts"}],"about":[{"href":"https:\/\/www.ayuntamientodeharia.com\/haria\/wp-json\/wp\/v2\/types\/post"}],"author":[{"embeddable":true,"href":"https:\/\/www.ayuntamientodeharia.com\/haria\/wp-json\/wp\/v2\/users\/7"}],"replies":[{"embeddable":true,"href":"https:\/\/www.ayuntamientodeharia.com\/haria\/wp-json\/wp\/v2\/comments?post=15297"}],"version-history":[{"count":1,"href":"https:\/\/www.ayuntamientodeharia.com\/haria\/wp-json\/wp\/v2\/posts\/15297\/revisions"}],"predecessor-version":[{"id":15299,"href":"https:\/\/www.ayuntamientodeharia.com\/haria\/wp-json\/wp\/v2\/posts\/15297\/revisions\/15299"}],"wp:featuredmedia":[{"embeddable":true,"href":"https:\/\/www.ayuntamientodeharia.com\/haria\/wp-json\/wp\/v2\/media\/15298"}],"wp:attachment":[{"href":"https:\/\/www.ayuntamientodeharia.com\/haria\/wp-json\/wp\/v2\/media?parent=15297"}],"wp:term":[{"taxonomy":"category","embeddable":true,"href":"https:\/\/www.ayuntamientodeharia.com\/haria\/wp-json\/wp\/v2\/categories?post=15297"},{"taxonomy":"post_tag","embeddable":true,"href":"https:\/\/www.ayuntamientodeharia.com\/haria\/wp-json\/wp\/v2\/tags?post=15297"}],"curies":[{"name":"wp","href":"https:\/\/api.w.org\/{rel}","templated":true}]}}