{"id":15288,"date":"2019-02-01T13:54:39","date_gmt":"2019-02-01T13:54:39","guid":{"rendered":"http:\/\/www.ayuntamientodeharia.com\/haria\/?p=15288"},"modified":"2019-02-01T13:54:39","modified_gmt":"2019-02-01T13:54:39","slug":"desde-mi-atalaya-por-jesus-perdomo-ramirez-3","status":"publish","type":"post","link":"https:\/\/www.ayuntamientodeharia.com\/haria\/desde-mi-atalaya-por-jesus-perdomo-ramirez-3\/","title":{"rendered":"Desde mi Atalaya. Por Jes\u00fas Perdomo Ram\u00edrez"},"content":{"rendered":"<p><strong><img decoding=\"async\" class=\"alignleft size-thumbnail wp-image-10322\" src=\"http:\/\/www.ayuntamientodeharia.com\/haria\/wp-content\/uploads\/2017\/08\/jesus-perdomo-125x150.jpg\" alt=\"jesus perdomo\" width=\"125\" height=\"150\" \/>Don Federico Doreste Betancor, pedagogo<\/strong><\/p>\n<p><!--more--><\/p>\n<p>&nbsp;<\/p>\n<p>Para la historiograf\u00eda del municipio de Har\u00eda es un documento cultural clave recuperar los valores de figuras destacables de nuestro entorno. Pocos son los investigadores que se han dedicado al estudio y obras de nuestros personajes. Si exceptuamos la recopilaci\u00f3n biogr\u00e1fica que recoge D. Olegario Negr\u00edn Fajardo del maestro nacional y que fuera uno de los mejores pedagogos que ha tenido Espa\u00f1a: D. Federico Doreste Betancor.<\/p>\n<p>&nbsp;<\/p>\n<p>Lo que sabemos de su vida y obra se lo debemos al autor del los textos \u2018El maestro lanzarote\u00f1o Doreste Betancor, la escuela nueva y la junta para ampliaci\u00f3n de estudios\u2019.<\/p>\n<p>&nbsp;<\/p>\n<p>As\u00ed pues, podemos decir que D. Federico Doreste Betancor naci\u00f3 en M\u00e1guez, el d\u00eda 20 de enero de 1886 y muri\u00f3 en 1948 a los 62 a\u00f1os de edad. Hijo de D. Tom\u00e1s Doreste Bonilla y de D\u00aa. Juana Betancor Bonilla. Contrajo matrimonio en Tenerife el d\u00eda 28 de enero de 1914 con D\u00aa. Petrola Marina Chapolina y Ruso.<\/p>\n<p>&nbsp;<\/p>\n<p>Vivi\u00f3 en la isla de Lobos hasta la edad de 17 a\u00f1os. Desde esta isla se desplaza a Las Palmas de Gran Canaria a estudiar como alumno interno al Colegio San Agust\u00edn. All\u00ed permaneci\u00f3 tres a\u00f1os hasta que ingresa en la Escuela Normal de Las Palmas. Paralelamente estudia en la Escuela Superior de Industria de Las Palmas culminado en 1906 sus estudios de maestro elemental y superior, perito electricista y perito mec\u00e1nico, con notas de sobresaliente.<\/p>\n<p>&nbsp;<\/p>\n<p>Fue sometido a depuraci\u00f3n en tiempos de la Guerra Civil espa\u00f1ola. Muri\u00f3 en 1948, a los 62 a\u00f1os, posiblemente a consecuencia de las secuelas originadas durante su encarcelaci\u00f3n.<\/p>\n<p>&nbsp;<\/p>\n<p>&nbsp;<\/p>\n","protected":false},"excerpt":{"rendered":"<p>Don Federico Doreste Betancor, pedagogo<\/p>\n","protected":false},"author":7,"featured_media":0,"comment_status":"closed","ping_status":"closed","sticky":false,"template":"","format":"standard","meta":{"footnotes":""},"categories":[11],"tags":[],"class_list":["post-15288","post","type-post","status-publish","format-standard","hentry","category-hoja-de-haria"],"_links":{"self":[{"href":"https:\/\/www.ayuntamientodeharia.com\/haria\/wp-json\/wp\/v2\/posts\/15288","targetHints":{"allow":["GET"]}}],"collection":[{"href":"https:\/\/www.ayuntamientodeharia.com\/haria\/wp-json\/wp\/v2\/posts"}],"about":[{"href":"https:\/\/www.ayuntamientodeharia.com\/haria\/wp-json\/wp\/v2\/types\/post"}],"author":[{"embeddable":true,"href":"https:\/\/www.ayuntamientodeharia.com\/haria\/wp-json\/wp\/v2\/users\/7"}],"replies":[{"embeddable":true,"href":"https:\/\/www.ayuntamientodeharia.com\/haria\/wp-json\/wp\/v2\/comments?post=15288"}],"version-history":[{"count":1,"href":"https:\/\/www.ayuntamientodeharia.com\/haria\/wp-json\/wp\/v2\/posts\/15288\/revisions"}],"predecessor-version":[{"id":15289,"href":"https:\/\/www.ayuntamientodeharia.com\/haria\/wp-json\/wp\/v2\/posts\/15288\/revisions\/15289"}],"wp:attachment":[{"href":"https:\/\/www.ayuntamientodeharia.com\/haria\/wp-json\/wp\/v2\/media?parent=15288"}],"wp:term":[{"taxonomy":"category","embeddable":true,"href":"https:\/\/www.ayuntamientodeharia.com\/haria\/wp-json\/wp\/v2\/categories?post=15288"},{"taxonomy":"post_tag","embeddable":true,"href":"https:\/\/www.ayuntamientodeharia.com\/haria\/wp-json\/wp\/v2\/tags?post=15288"}],"curies":[{"name":"wp","href":"https:\/\/api.w.org\/{rel}","templated":true}]}}