{"id":15252,"date":"2019-01-25T10:46:58","date_gmt":"2019-01-25T10:46:58","guid":{"rendered":"http:\/\/www.ayuntamientodeharia.com\/haria\/?p=15252"},"modified":"2019-01-25T10:46:58","modified_gmt":"2019-01-25T10:46:58","slug":"arranco-una-nueva-edicion-del-festival-internacional-guitarras-en-haria","status":"publish","type":"post","link":"https:\/\/www.ayuntamientodeharia.com\/haria\/arranco-una-nueva-edicion-del-festival-internacional-guitarras-en-haria\/","title":{"rendered":"Arranc\u00f3 una nueva edici\u00f3n del Festival Internacional \u2018Guitarras en Har\u00eda\u2019"},"content":{"rendered":"<p><img decoding=\"async\" class=\"alignleft size-thumbnail wp-image-15160\" src=\"http:\/\/www.ayuntamientodeharia.com\/haria\/wp-content\/uploads\/2019\/01\/Slide-Guitarras3-150x150.jpg\" alt=\"Slide Guitarras3\" width=\"150\" height=\"150\" \/>El II Festival Internacional \u2018Guitarras en Har\u00eda\u2019 arranc\u00f3 este jueves, 24 de enero, en la sala El Aljibe, acercando al municipio norte\u00f1o m\u00fasica del Renacimiento espa\u00f1ol, m\u00fasica barroca y m\u00fasica popular argentina o andina, adem\u00e1s de exposiciones de luter\u00eda y artes visuales.<\/p>\n<p><!--more--><\/p>\n<p>&nbsp;<\/p>\n<p>Junto a Luis Soria, promotor de este festival, act\u00faan int\u00e9rpretes de pa\u00edses como Italia, Argentina, Espa\u00f1a, Chile, Francia o EEUU, destacando la incorporaci\u00f3n de los m\u00fasicos lanzarote\u00f1os Jos\u00e9 P\u00e9rez y Gustavo Navarro.<\/p>\n<p>&nbsp;<\/p>\n<p>La entrada es libre y gratuita para los distintos conciertos que se celebrar\u00e1n entre el 24 y el 27 de enero, con artistas de la talla de Pierre Willimann; Carlos Aravena; Santiago Canals; Cinzia Milani; Adri\u00e1n Miz Ca\u00f1ada; Poli Gomitolo, o el Tr\u00edo Flamenco.<\/p>\n<p>&nbsp;<\/p>\n<p>Se podr\u00e1n retirar las invitaciones en la centralita del Consistorio norte\u00f1o, en horario de oficina, mientras que para el concierto de cierre, el 27 de enero en la Cueva de Los Verdes, se podr\u00e1 hacer lo propio en la taquilla del centro, dos horas antes del comienzo, hasta completar el aforo.<\/p>\n<p>&nbsp;<\/p>\n<p>M\u00e1s informaci\u00f3n en <a href=\"http:\/\/www.guitarrasenharia.es\/\">http:\/\/www.guitarrasenharia.es<\/a>.<\/p>\n","protected":false},"excerpt":{"rendered":"<p>El II Festival Internacional \u2018Guitarras en Har\u00eda\u2019 arranc\u00f3 este jueves, 24 de enero, en la sala El Aljibe, acercando al municipio norte\u00f1o m\u00fasica del Renacimiento espa\u00f1ol, m\u00fasica barroca y m\u00fasica popular argentina o andina, adem\u00e1s de exposiciones de luter\u00eda y artes visuales.<\/p>\n","protected":false},"author":7,"featured_media":0,"comment_status":"closed","ping_status":"closed","sticky":false,"template":"","format":"standard","meta":{"footnotes":""},"categories":[16,11,97],"tags":[],"class_list":["post-15252","post","type-post","status-publish","format-standard","hentry","category-cultura","category-hoja-de-haria","category-sala-el-aljibe-de-haria"],"_links":{"self":[{"href":"https:\/\/www.ayuntamientodeharia.com\/haria\/wp-json\/wp\/v2\/posts\/15252","targetHints":{"allow":["GET"]}}],"collection":[{"href":"https:\/\/www.ayuntamientodeharia.com\/haria\/wp-json\/wp\/v2\/posts"}],"about":[{"href":"https:\/\/www.ayuntamientodeharia.com\/haria\/wp-json\/wp\/v2\/types\/post"}],"author":[{"embeddable":true,"href":"https:\/\/www.ayuntamientodeharia.com\/haria\/wp-json\/wp\/v2\/users\/7"}],"replies":[{"embeddable":true,"href":"https:\/\/www.ayuntamientodeharia.com\/haria\/wp-json\/wp\/v2\/comments?post=15252"}],"version-history":[{"count":1,"href":"https:\/\/www.ayuntamientodeharia.com\/haria\/wp-json\/wp\/v2\/posts\/15252\/revisions"}],"predecessor-version":[{"id":15253,"href":"https:\/\/www.ayuntamientodeharia.com\/haria\/wp-json\/wp\/v2\/posts\/15252\/revisions\/15253"}],"wp:attachment":[{"href":"https:\/\/www.ayuntamientodeharia.com\/haria\/wp-json\/wp\/v2\/media?parent=15252"}],"wp:term":[{"taxonomy":"category","embeddable":true,"href":"https:\/\/www.ayuntamientodeharia.com\/haria\/wp-json\/wp\/v2\/categories?post=15252"},{"taxonomy":"post_tag","embeddable":true,"href":"https:\/\/www.ayuntamientodeharia.com\/haria\/wp-json\/wp\/v2\/tags?post=15252"}],"curies":[{"name":"wp","href":"https:\/\/api.w.org\/{rel}","templated":true}]}}