{"id":15250,"date":"2019-01-25T10:44:14","date_gmt":"2019-01-25T10:44:14","guid":{"rendered":"http:\/\/www.ayuntamientodeharia.com\/haria\/?p=15250"},"modified":"2019-01-25T10:44:14","modified_gmt":"2019-01-25T10:44:14","slug":"inauguracion-de-la-escultura-homenaje-a-eulogio-concepcion","status":"publish","type":"post","link":"https:\/\/www.ayuntamientodeharia.com\/haria\/inauguracion-de-la-escultura-homenaje-a-eulogio-concepcion\/","title":{"rendered":"Inauguraci\u00f3n de la escultura homenaje a Eulogio Concepci\u00f3n"},"content":{"rendered":"<p><img decoding=\"async\" class=\"alignleft size-thumbnail wp-image-14990\" src=\"http:\/\/www.ayuntamientodeharia.com\/haria\/wp-content\/uploads\/2018\/12\/Eulogio-Concepci\u00f3n-150x150.jpg\" alt=\"Eulogio Concepci\u00f3n\" width=\"150\" height=\"150\" \/>Este s\u00e1bado, 26 de enero, a las 18:00 horas, tendr\u00e1 lugar la inauguraci\u00f3n de la escultura homenaje al maestro artesano de la cester\u00eda de p\u00edrgano Eulogio Concepci\u00f3n Perdomo, a cargo de las concejal\u00edas de Patrimonio y Artesan\u00eda del Consistorio norte\u00f1o.<\/p>\n<p><!--more--><\/p>\n<p>&nbsp;<\/p>\n<p>La obra, del escultor Rafael G\u00f3mez Gonz\u00e1lez, estar\u00e1 ubicada frente al taller de artesan\u00eda de Har\u00eda, destacando la labor del \u00fanico cestero que mantiene vivo este oficio en la Isla.<\/p>\n<p>&nbsp;<\/p>\n<p>Y es que Eulogio Concepci\u00f3n ha impartido numerosos cursos de cester\u00eda, convirti\u00e9ndose, adem\u00e1s, en el embajador de la artesan\u00eda insular al trasladarse a numerosas ferias en Canarias y en Europa. A lo largo de los a\u00f1os ha recibido destacados reconocimientos, entre ellos el Premio Har\u00eda 2015 por su trayectoria y su esfuerzo en mantener esta tradici\u00f3n artesanal.<\/p>\n","protected":false},"excerpt":{"rendered":"<p>Este s\u00e1bado, 26 de enero, a las 18:00 horas, tendr\u00e1 lugar la inauguraci\u00f3n de la escultura homenaje al maestro artesano de la cester\u00eda de p\u00edrgano Eulogio Concepci\u00f3n Perdomo, a cargo de las concejal\u00edas de Patrimonio y Artesan\u00eda del Consistorio norte\u00f1o.<\/p>\n","protected":false},"author":7,"featured_media":0,"comment_status":"closed","ping_status":"closed","sticky":false,"template":"","format":"standard","meta":{"footnotes":""},"categories":[66,11,204],"tags":[],"class_list":["post-15250","post","type-post","status-publish","format-standard","hentry","category-artesania","category-hoja-de-haria","category-patrimonio"],"_links":{"self":[{"href":"https:\/\/www.ayuntamientodeharia.com\/haria\/wp-json\/wp\/v2\/posts\/15250","targetHints":{"allow":["GET"]}}],"collection":[{"href":"https:\/\/www.ayuntamientodeharia.com\/haria\/wp-json\/wp\/v2\/posts"}],"about":[{"href":"https:\/\/www.ayuntamientodeharia.com\/haria\/wp-json\/wp\/v2\/types\/post"}],"author":[{"embeddable":true,"href":"https:\/\/www.ayuntamientodeharia.com\/haria\/wp-json\/wp\/v2\/users\/7"}],"replies":[{"embeddable":true,"href":"https:\/\/www.ayuntamientodeharia.com\/haria\/wp-json\/wp\/v2\/comments?post=15250"}],"version-history":[{"count":1,"href":"https:\/\/www.ayuntamientodeharia.com\/haria\/wp-json\/wp\/v2\/posts\/15250\/revisions"}],"predecessor-version":[{"id":15251,"href":"https:\/\/www.ayuntamientodeharia.com\/haria\/wp-json\/wp\/v2\/posts\/15250\/revisions\/15251"}],"wp:attachment":[{"href":"https:\/\/www.ayuntamientodeharia.com\/haria\/wp-json\/wp\/v2\/media?parent=15250"}],"wp:term":[{"taxonomy":"category","embeddable":true,"href":"https:\/\/www.ayuntamientodeharia.com\/haria\/wp-json\/wp\/v2\/categories?post=15250"},{"taxonomy":"post_tag","embeddable":true,"href":"https:\/\/www.ayuntamientodeharia.com\/haria\/wp-json\/wp\/v2\/tags?post=15250"}],"curies":[{"name":"wp","href":"https:\/\/api.w.org\/{rel}","templated":true}]}}