{"id":15173,"date":"2019-01-12T10:11:16","date_gmt":"2019-01-12T10:11:16","guid":{"rendered":"http:\/\/www.ayuntamientodeharia.com\/haria\/?p=15173"},"modified":"2019-01-12T10:11:16","modified_gmt":"2019-01-12T10:11:16","slug":"balcon-de-haria-por-gregorio-barreto-vinoly-23","status":"publish","type":"post","link":"https:\/\/www.ayuntamientodeharia.com\/haria\/balcon-de-haria-por-gregorio-barreto-vinoly-23\/","title":{"rendered":"Balc\u00f3n de Har\u00eda. Por Gregorio Barreto Vi\u00f1oly"},"content":{"rendered":"<p><strong><img decoding=\"async\" class=\"alignleft size-thumbnail wp-image-11955\" src=\"http:\/\/www.ayuntamientodeharia.com\/haria\/wp-content\/uploads\/2018\/04\/Gregorio-Barreto-150x150.jpg\" alt=\"Gregorio Barreto\" width=\"150\" height=\"150\" \/>De las formas y modos de tener luz y fuego en la antig\u00fcedad m\u00e1s remota<\/strong><\/p>\n<p><!--more--><\/p>\n<p>&nbsp;<\/p>\n<p>Mucho ha evolucionado la sociedad en cuanto a los modos y formas de tener luz y tener fuego, desde los tiempos m\u00e1s remotos que hemos tenido que rebasar, hasta la actualidad m\u00e1s reciente.<\/p>\n<p>&nbsp;<\/p>\n<p>En la antig\u00fcedad m\u00e1s remota, la gente no ten\u00eda medios ni modos para tener luz y fuego, pues ha tenido que pasar mucho el tiempo para que se fuera avanzando algo.<\/p>\n<p>&nbsp;<\/p>\n<p>En los tiempos m\u00e1s ancestrales solo hab\u00eda luz de d\u00eda, porque de noche no hab\u00eda medios, y se empez\u00f3 en la muy remota antig\u00fcedad a conocer los efectos que se notaban al frotar un hierro, metal o cosa dura con una piedra muy dura o especial, de que se produc\u00eda una chispa, y se fue conociendo los efectos de la yesca, y as\u00ed esa chispa que se obten\u00eda se dirig\u00eda a esta yesca, que ard\u00eda con mucha facilidad, y as\u00ed se fue evolucionando esta modalidad, hasta el punto de que muy antiguamente se encend\u00eda alg\u00fan madero como la tea y se aguantaba este madero seg\u00fan la pericia con que se contaba, hasta que luego vinieron otros medios como el carburo, que prest\u00f3 un buen servicio en aquellos tiempos remotos.<\/p>\n<p>&nbsp;<\/p>\n<p>En aquellos tiempos se presentaban rayos y ellos llegaban hasta a quemar algo y se ve\u00eda la luz y el fuego, con quemas de bosque y sus consecuencias, a veces.<\/p>\n<p>Pero en aquellos tiempos cuando se empez\u00f3 a conocer la importancia de la yesca, hierba que se produc\u00eda en El Risco o en sus orillas o bordes y tambi\u00e9n abundaba en los bordes de riscos de la Monta\u00f1a de Har\u00eda, especialmente, y as\u00ed vali\u00e9ndose de un eslab\u00f3n con que se frotaba una piedra muy dura, que se conoc\u00eda por pedernal, o pedesnal, y que los viejos las conoc\u00edan o diferenciaban, y se aprovechaba la chispa, siendo el primer destino encender la yesca, y luego se pasaba a alg\u00fan elemento que prendiera el fuego.<\/p>\n<p>&nbsp;<\/p>\n<p>Luego fueron apareciendo y descubri\u00e9ndose mechas, mecheras, mecheros, fogones, fosforeras, encendedores, linternas y otros elementos con que conseguir la lumbre y el fuego.<\/p>\n<p>&nbsp;<\/p>\n<p>En los tiempos m\u00e1s antiguos y hasta no hace un siglo, se empleaban por algunos los modos de encendido a trav\u00e9s de la yesca y el pedernal, pero tambi\u00e9n exist\u00eda casi al tiempo unas puntas de palillos como palos de f\u00f3sforo, que se met\u00edan en un peque\u00f1o recipiente con aceite en su superficie, que se le dec\u00edan pabilos, y ello daba luz y a se le llamaba luz de candil.<\/p>\n<p>&nbsp;<\/p>\n<p>Luego fueron llegando los faroles, incluso se hicieron famosos los que se tra\u00edan de Porto Etienne, las linternas grandes, los quinqu\u00e9s, los petromax y otros elementos que fueron llegando, y que fueron cubriendo las necesidades de luz y tambi\u00e9n de fuego.<\/p>\n<p>&nbsp;<\/p>\n<p>Digamos que a principios de 1900, el alumbrado p\u00fablico se hac\u00eda mediante unas luces de carburo, durante unas pocas horas por las noches, en las calles m\u00e1s c\u00e9ntricas de Har\u00eda.<\/p>\n<p>&nbsp;<\/p>\n<p>En finales de los a\u00f1os de 1920, Don Gabino Hern\u00e1ndez Cruz, que ten\u00eda una molina de fuego, le acopl\u00f3 los dispositivos para obtener luz, y as\u00ed daba en el casco de Har\u00eda unas horas de luz, y se avisaba cuando se iba a apagar, all\u00e1 por media noche, y fue un adelanto en la \u00e9poca, cuando todo era oscuridad.<\/p>\n<p>&nbsp;<\/p>\n<p>El Ayuntamiento de Har\u00eda consigui\u00f3 subvenci\u00f3n para electrificar los pueblos de Har\u00eda y de M\u00e1guez en el a\u00f1o de 1965, montando el Ayuntamiento su Planta El\u00e9ctrica a la entrada del pueblo de Har\u00eda, desde Los Cascajos, con alumbrado p\u00fablico incluso, como en Los Cascajos, y luego se fue mejorando la calidad del servicio, hasta que a principios de los a\u00f1os de 1970 se fue entregando a la Empresa Unelco, y ya el Ayuntamiento se liber\u00f3, al no tener medios.<\/p>\n","protected":false},"excerpt":{"rendered":"<p>De las formas y modos de tener luz y fuego en la antig\u00fcedad m\u00e1s remota<\/p>\n","protected":false},"author":7,"featured_media":0,"comment_status":"closed","ping_status":"closed","sticky":false,"template":"","format":"standard","meta":{"footnotes":""},"categories":[94,11],"tags":[],"class_list":["post-15173","post","type-post","status-publish","format-standard","hentry","category-balcon-de-haria","category-hoja-de-haria"],"_links":{"self":[{"href":"https:\/\/www.ayuntamientodeharia.com\/haria\/wp-json\/wp\/v2\/posts\/15173","targetHints":{"allow":["GET"]}}],"collection":[{"href":"https:\/\/www.ayuntamientodeharia.com\/haria\/wp-json\/wp\/v2\/posts"}],"about":[{"href":"https:\/\/www.ayuntamientodeharia.com\/haria\/wp-json\/wp\/v2\/types\/post"}],"author":[{"embeddable":true,"href":"https:\/\/www.ayuntamientodeharia.com\/haria\/wp-json\/wp\/v2\/users\/7"}],"replies":[{"embeddable":true,"href":"https:\/\/www.ayuntamientodeharia.com\/haria\/wp-json\/wp\/v2\/comments?post=15173"}],"version-history":[{"count":1,"href":"https:\/\/www.ayuntamientodeharia.com\/haria\/wp-json\/wp\/v2\/posts\/15173\/revisions"}],"predecessor-version":[{"id":15174,"href":"https:\/\/www.ayuntamientodeharia.com\/haria\/wp-json\/wp\/v2\/posts\/15173\/revisions\/15174"}],"wp:attachment":[{"href":"https:\/\/www.ayuntamientodeharia.com\/haria\/wp-json\/wp\/v2\/media?parent=15173"}],"wp:term":[{"taxonomy":"category","embeddable":true,"href":"https:\/\/www.ayuntamientodeharia.com\/haria\/wp-json\/wp\/v2\/categories?post=15173"},{"taxonomy":"post_tag","embeddable":true,"href":"https:\/\/www.ayuntamientodeharia.com\/haria\/wp-json\/wp\/v2\/tags?post=15173"}],"curies":[{"name":"wp","href":"https:\/\/api.w.org\/{rel}","templated":true}]}}