{"id":14882,"date":"2018-11-23T15:09:08","date_gmt":"2018-11-23T15:09:08","guid":{"rendered":"http:\/\/www.ayuntamientodeharia.com\/haria\/?p=14882"},"modified":"2018-11-23T15:09:08","modified_gmt":"2018-11-23T15:09:08","slug":"doblete-para-david-lutzardo-y-gemma-arenas-en-la-haria-extreme-lanzarote","status":"publish","type":"post","link":"https:\/\/www.ayuntamientodeharia.com\/haria\/doblete-para-david-lutzardo-y-gemma-arenas-en-la-haria-extreme-lanzarote\/","title":{"rendered":"Doblete para David Lutzardo y Gemma Arenas en la \u2018Har\u00eda Extreme Lanzarote\u2019"},"content":{"rendered":"<p>El municipio norte\u00f1o vivi\u00f3 el pasado s\u00e1bado una jornada de trail de primer nivel nacional e internacional con la celebraci\u00f3n de la octava edici\u00f3n de la \u2018Har\u00eda Extreme Lanzarote\u2019, en la que participaron 1.300 corredores de 30 pa\u00edses.<\/p>\n<p><!--more--><\/p>\n<p>&nbsp;<\/p>\n<p>A las cuatro de la ma\u00f1ana sal\u00edan los corredores de la modalidad Cicar Ultra desde el Parque Nacional de Timanfaya, arropados por camellos. Tras 94 kil\u00f3metros de carrera muy t\u00e9cnica, el tinerfe\u00f1o David Lutzardo logr\u00f3 finalizar primero con un tiempo de 8:48:46, seguido del brit\u00e1nico Matthew Hart (9:27:01) y del franc\u00e9s Gilles Klipfel, tercero en la clasificaci\u00f3n general, con un tiempo de 09:31:13.<\/p>\n<p>&nbsp;<\/p>\n<p>En f\u00e9minas cabe destacar la incre\u00edble actuaci\u00f3n de Gemma Arenas, quien, con un tiempo de 09:32:24, logr\u00f3 hacerse con un cuarto puesto de la general. La corredora de Almagro se lleva consigo una victoria en esta octava edici\u00f3n de la \u2018Har\u00eda Extreme\u2019 y adem\u00e1s se hace con el circuito \u2018WAA Spain Ultra Cup\u2019. Le acompa\u00f1aron en el podio la polaca Magdalena Laczack (10:03:52) y Leticia Bullido (11:09:54).<\/p>\n<p>&nbsp;<\/p>\n<p>En la modalidad Binter Marat\u00f3n se impuso el corredor palmero Dailos Garc\u00eda, entrando en meta con un tiempo de 03:51:29, seguido de Alejandro Mayor (03:52:42) y Dakota Jones (03:57:23). En f\u00e9minas la ganadora fue Cristina Santurino (04:35:12), seguida de Dominique Van Mechgelen (4:36:10) y Teresa Nimes (04:47:48).<\/p>\n<p>&nbsp;<\/p>\n<p>En las modalidades m\u00e1s cortas de la \u2018Har\u00eda Extreme\u2019, la Medium y la Geoparque Starter, los ganadores fueron Wilson Cardoso y Bel\u00e9n Agut, en la distancia de 21 kil\u00f3metros, y Eoin Flynn y Ana Lemes, en la de 12.<\/p>\n<p>&nbsp;<\/p>\n<p>Debido a las condiciones meteorol\u00f3gicas adversas, con zonas con muy poca visibilidad y terreno muy resbaladizo en el norte de la Isla, la coordinaci\u00f3n del plan de seguridad de la prueba decidi\u00f3 suspender la carrera para aquellos corredores que no hubieran llegado a una determinada zona del Mirador del R\u00edo y Guinate. Los participantes que se encontraban pasado ese punto continuaron la carrera hasta la meta.<\/p>\n<p><img decoding=\"async\" class=\"alignleft size-thumbnail wp-image-14884\" src=\"http:\/\/www.ayuntamientodeharia.com\/haria\/wp-content\/uploads\/2018\/11\/Har\u00eda-Extreme18-1-150x150.jpg\" alt=\"Har\u00eda Extreme'18 (1)\" width=\"150\" height=\"150\" \/> <img decoding=\"async\" class=\"alignleft size-thumbnail wp-image-14885\" src=\"http:\/\/www.ayuntamientodeharia.com\/haria\/wp-content\/uploads\/2018\/11\/Har\u00eda-Extreme18-3-150x150.jpg\" alt=\"Har\u00eda Extreme'18 (3)\" width=\"150\" height=\"150\" \/><\/p>\n","protected":false},"excerpt":{"rendered":"<p>El municipio norte\u00f1o vivi\u00f3 el pasado s\u00e1bado una jornada de trail de primer nivel nacional e internacional con la celebraci\u00f3n de la octava edici\u00f3n de la \u2018Har\u00eda Extreme Lanzarote\u2019, en la que participaron 1.300 corredores de 30 pa\u00edses.<\/p>\n","protected":false},"author":7,"featured_media":14883,"comment_status":"closed","ping_status":"closed","sticky":false,"template":"","format":"standard","meta":{"footnotes":""},"categories":[17,11],"tags":[],"class_list":["post-14882","post","type-post","status-publish","format-standard","has-post-thumbnail","hentry","category-deportes","category-hoja-de-haria"],"_links":{"self":[{"href":"https:\/\/www.ayuntamientodeharia.com\/haria\/wp-json\/wp\/v2\/posts\/14882","targetHints":{"allow":["GET"]}}],"collection":[{"href":"https:\/\/www.ayuntamientodeharia.com\/haria\/wp-json\/wp\/v2\/posts"}],"about":[{"href":"https:\/\/www.ayuntamientodeharia.com\/haria\/wp-json\/wp\/v2\/types\/post"}],"author":[{"embeddable":true,"href":"https:\/\/www.ayuntamientodeharia.com\/haria\/wp-json\/wp\/v2\/users\/7"}],"replies":[{"embeddable":true,"href":"https:\/\/www.ayuntamientodeharia.com\/haria\/wp-json\/wp\/v2\/comments?post=14882"}],"version-history":[{"count":1,"href":"https:\/\/www.ayuntamientodeharia.com\/haria\/wp-json\/wp\/v2\/posts\/14882\/revisions"}],"predecessor-version":[{"id":14886,"href":"https:\/\/www.ayuntamientodeharia.com\/haria\/wp-json\/wp\/v2\/posts\/14882\/revisions\/14886"}],"wp:featuredmedia":[{"embeddable":true,"href":"https:\/\/www.ayuntamientodeharia.com\/haria\/wp-json\/wp\/v2\/media\/14883"}],"wp:attachment":[{"href":"https:\/\/www.ayuntamientodeharia.com\/haria\/wp-json\/wp\/v2\/media?parent=14882"}],"wp:term":[{"taxonomy":"category","embeddable":true,"href":"https:\/\/www.ayuntamientodeharia.com\/haria\/wp-json\/wp\/v2\/categories?post=14882"},{"taxonomy":"post_tag","embeddable":true,"href":"https:\/\/www.ayuntamientodeharia.com\/haria\/wp-json\/wp\/v2\/tags?post=14882"}],"curies":[{"name":"wp","href":"https:\/\/api.w.org\/{rel}","templated":true}]}}