{"id":14878,"date":"2018-11-23T15:05:48","date_gmt":"2018-11-23T15:05:48","guid":{"rendered":"http:\/\/www.ayuntamientodeharia.com\/haria\/?p=14878"},"modified":"2018-11-23T15:05:48","modified_gmt":"2018-11-23T15:05:48","slug":"abierto-el-plazo-para-participar-en-el-concurso-de-belenes-caseros","status":"publish","type":"post","link":"https:\/\/www.ayuntamientodeharia.com\/haria\/abierto-el-plazo-para-participar-en-el-concurso-de-belenes-caseros\/","title":{"rendered":"Abierto el plazo para participar en el Concurso de Belenes Caseros"},"content":{"rendered":"<p>La Concejal\u00eda de Cultura, coordinada por Jos\u00e9 P\u00e9rez Dorta, organiza el XX edici\u00f3n del Concurso de Belenes Caseros con motivo de las Fiestas de Navidad y Reyes.<\/p>\n<p><!--more--><\/p>\n<p>&nbsp;<\/p>\n<p>Podr\u00e1n participar en el concurso los vecinos residentes en el municipio, as\u00ed como las asociaciones y colectivos. Los tres primeros clasificados recibir\u00e1n un premio de 250, 150 y 90 euros, respectivamente.<\/p>\n<p>&nbsp;<\/p>\n<p>El estilo y los materiales a utilizar en la confecci\u00f3n de los belenes ser\u00e1n de libre elecci\u00f3n, dependiendo de la creatividad del autor y de la originalidad del dise\u00f1o.<\/p>\n<p>&nbsp;<\/p>\n<p>Las personas, colectivos o asociaciones interesadas en participar en el concurso deber\u00e1n inscribirse antes del 19 de diciembre en el Registro General del Ayuntamiento. Las bases las pueden consultar en <a href=\"http:\/\/www.ayuntamientodeharia.com\/haria\/?wpfb_dl=1590\">http:\/\/www.ayuntamientodeharia.com\/haria\/?wpfb_dl=1590<\/a>.<\/p>\n<p>&nbsp;<\/p>\n<p>Los ganadores del concurso se dar\u00e1n a conocer en la Hoja del Municipio de Har\u00eda, una vez que el jurado creado al efecto realice las visitas correspondientes. M\u00e1s informaci\u00f3n llamando al 639 688 748<\/p>\n","protected":false},"excerpt":{"rendered":"<p>La Concejal\u00eda de Cultura, coordinada por Jos\u00e9 P\u00e9rez Dorta, organiza el XX edici\u00f3n del Concurso de Belenes Caseros con motivo de las Fiestas de Navidad y Reyes.<\/p>\n","protected":false},"author":7,"featured_media":14879,"comment_status":"closed","ping_status":"closed","sticky":false,"template":"","format":"standard","meta":{"footnotes":""},"categories":[16,11],"tags":[],"class_list":["post-14878","post","type-post","status-publish","format-standard","has-post-thumbnail","hentry","category-cultura","category-hoja-de-haria"],"_links":{"self":[{"href":"https:\/\/www.ayuntamientodeharia.com\/haria\/wp-json\/wp\/v2\/posts\/14878","targetHints":{"allow":["GET"]}}],"collection":[{"href":"https:\/\/www.ayuntamientodeharia.com\/haria\/wp-json\/wp\/v2\/posts"}],"about":[{"href":"https:\/\/www.ayuntamientodeharia.com\/haria\/wp-json\/wp\/v2\/types\/post"}],"author":[{"embeddable":true,"href":"https:\/\/www.ayuntamientodeharia.com\/haria\/wp-json\/wp\/v2\/users\/7"}],"replies":[{"embeddable":true,"href":"https:\/\/www.ayuntamientodeharia.com\/haria\/wp-json\/wp\/v2\/comments?post=14878"}],"version-history":[{"count":1,"href":"https:\/\/www.ayuntamientodeharia.com\/haria\/wp-json\/wp\/v2\/posts\/14878\/revisions"}],"predecessor-version":[{"id":14880,"href":"https:\/\/www.ayuntamientodeharia.com\/haria\/wp-json\/wp\/v2\/posts\/14878\/revisions\/14880"}],"wp:featuredmedia":[{"embeddable":true,"href":"https:\/\/www.ayuntamientodeharia.com\/haria\/wp-json\/wp\/v2\/media\/14879"}],"wp:attachment":[{"href":"https:\/\/www.ayuntamientodeharia.com\/haria\/wp-json\/wp\/v2\/media?parent=14878"}],"wp:term":[{"taxonomy":"category","embeddable":true,"href":"https:\/\/www.ayuntamientodeharia.com\/haria\/wp-json\/wp\/v2\/categories?post=14878"},{"taxonomy":"post_tag","embeddable":true,"href":"https:\/\/www.ayuntamientodeharia.com\/haria\/wp-json\/wp\/v2\/tags?post=14878"}],"curies":[{"name":"wp","href":"https:\/\/api.w.org\/{rel}","templated":true}]}}