{"id":14875,"date":"2018-11-23T15:04:46","date_gmt":"2018-11-23T15:04:46","guid":{"rendered":"http:\/\/www.ayuntamientodeharia.com\/haria\/?p=14875"},"modified":"2018-11-23T15:04:46","modified_gmt":"2018-11-23T15:04:46","slug":"taller-de-decoracion-de-bombillas-para-adornar-la-plaza-de-haria-en-navidad","status":"publish","type":"post","link":"https:\/\/www.ayuntamientodeharia.com\/haria\/taller-de-decoracion-de-bombillas-para-adornar-la-plaza-de-haria-en-navidad\/","title":{"rendered":"Taller de decoraci\u00f3n de bombillas para adornar la Plaza de Har\u00eda en Navidad"},"content":{"rendered":"<p><img decoding=\"async\" class=\"alignleft size-thumbnail wp-image-14876\" src=\"http:\/\/www.ayuntamientodeharia.com\/haria\/wp-content\/uploads\/2018\/11\/bombillas-150x150.jpg\" alt=\"bombillas\" width=\"150\" height=\"150\" \/>La Concejal\u00eda de Cultura, coordinada por Jos\u00e9 P\u00e9rez Dorta, organiza el taller denominado \u2018Decora tu Bombilla\u2019 con motivo de la celebraci\u00f3n de las Fiestas de Navidad y Reyes.<\/p>\n<p><!--more--><\/p>\n<p>&nbsp;<\/p>\n<p>En el mismo, que se impartir\u00e1 los d\u00edas 29 y 30 de noviembre y 11, 12, 13 y 14 de diciembre, de 17:00 a 19:00 horas, en la Ludoteca del parque infantil de Har\u00eda, podr\u00e1n participar tanto ni\u00f1os y ni\u00f1as como padres y madres.<\/p>\n<p>&nbsp;<\/p>\n<p>Los participantes en el taller deber\u00e1n llevar la bombilla en desuso que deseen decorar.<\/p>\n<p>&nbsp;<\/p>\n<p>El viernes 14 de diciembre se colocar\u00e1n las bombillas decoradas en la Plaza de Har\u00eda.<\/p>\n","protected":false},"excerpt":{"rendered":"<p>La Concejal\u00eda de Cultura, coordinada por Jos\u00e9 P\u00e9rez Dorta, organiza el taller denominado \u2018Decora tu Bombilla\u2019 con motivo de la celebraci\u00f3n de las Fiestas de Navidad y Reyes.<\/p>\n","protected":false},"author":7,"featured_media":0,"comment_status":"closed","ping_status":"closed","sticky":false,"template":"","format":"standard","meta":{"footnotes":""},"categories":[16,11],"tags":[],"class_list":["post-14875","post","type-post","status-publish","format-standard","hentry","category-cultura","category-hoja-de-haria"],"_links":{"self":[{"href":"https:\/\/www.ayuntamientodeharia.com\/haria\/wp-json\/wp\/v2\/posts\/14875","targetHints":{"allow":["GET"]}}],"collection":[{"href":"https:\/\/www.ayuntamientodeharia.com\/haria\/wp-json\/wp\/v2\/posts"}],"about":[{"href":"https:\/\/www.ayuntamientodeharia.com\/haria\/wp-json\/wp\/v2\/types\/post"}],"author":[{"embeddable":true,"href":"https:\/\/www.ayuntamientodeharia.com\/haria\/wp-json\/wp\/v2\/users\/7"}],"replies":[{"embeddable":true,"href":"https:\/\/www.ayuntamientodeharia.com\/haria\/wp-json\/wp\/v2\/comments?post=14875"}],"version-history":[{"count":1,"href":"https:\/\/www.ayuntamientodeharia.com\/haria\/wp-json\/wp\/v2\/posts\/14875\/revisions"}],"predecessor-version":[{"id":14877,"href":"https:\/\/www.ayuntamientodeharia.com\/haria\/wp-json\/wp\/v2\/posts\/14875\/revisions\/14877"}],"wp:attachment":[{"href":"https:\/\/www.ayuntamientodeharia.com\/haria\/wp-json\/wp\/v2\/media?parent=14875"}],"wp:term":[{"taxonomy":"category","embeddable":true,"href":"https:\/\/www.ayuntamientodeharia.com\/haria\/wp-json\/wp\/v2\/categories?post=14875"},{"taxonomy":"post_tag","embeddable":true,"href":"https:\/\/www.ayuntamientodeharia.com\/haria\/wp-json\/wp\/v2\/tags?post=14875"}],"curies":[{"name":"wp","href":"https:\/\/api.w.org\/{rel}","templated":true}]}}