{"id":14850,"date":"2018-11-23T13:46:33","date_gmt":"2018-11-23T13:46:33","guid":{"rendered":"http:\/\/www.ayuntamientodeharia.com\/haria\/?p=14850"},"modified":"2018-11-23T13:46:33","modified_gmt":"2018-11-23T13:46:33","slug":"maria-yezaret-formara-parte-de-la-seleccion-canaria-sub-15-de-futbol","status":"publish","type":"post","link":"https:\/\/www.ayuntamientodeharia.com\/haria\/maria-yezaret-formara-parte-de-la-seleccion-canaria-sub-15-de-futbol\/","title":{"rendered":"Mar\u00eda Yezaret formar\u00e1 parte de la selecci\u00f3n canaria Sub 15 de f\u00fatbol"},"content":{"rendered":"<p><img decoding=\"async\" class=\"alignleft size-thumbnail wp-image-14851\" src=\"http:\/\/www.ayuntamientodeharia.com\/haria\/wp-content\/uploads\/2018\/11\/IMG-20181122-WA0005-150x150.jpg\" alt=\"IMG-20181122-WA0005\" width=\"150\" height=\"150\" \/>La joven futbolista Mar\u00eda Yezaret, perteneciente al Har\u00eda Club de F\u00fatbol, ha sido seleccionada para participar en la selecci\u00f3n canaria Sub 15.<\/p>\n<p><!--more--><\/p>\n<p>&nbsp;<\/p>\n<p>Tanto el alcalde como el concejal de Deportes quieren felicitarla y desearle todo tipo de \u00e9xitos en esta nueva experiencia deportiva.<\/p>\n","protected":false},"excerpt":{"rendered":"<p>La joven futbolista Mar\u00eda Yezaret, perteneciente al Har\u00eda Club de F\u00fatbol, ha sido seleccionada para participar en la selecci\u00f3n canaria Sub 15.<\/p>\n","protected":false},"author":7,"featured_media":0,"comment_status":"closed","ping_status":"closed","sticky":false,"template":"","format":"standard","meta":{"footnotes":""},"categories":[17,11],"tags":[],"class_list":["post-14850","post","type-post","status-publish","format-standard","hentry","category-deportes","category-hoja-de-haria"],"_links":{"self":[{"href":"https:\/\/www.ayuntamientodeharia.com\/haria\/wp-json\/wp\/v2\/posts\/14850","targetHints":{"allow":["GET"]}}],"collection":[{"href":"https:\/\/www.ayuntamientodeharia.com\/haria\/wp-json\/wp\/v2\/posts"}],"about":[{"href":"https:\/\/www.ayuntamientodeharia.com\/haria\/wp-json\/wp\/v2\/types\/post"}],"author":[{"embeddable":true,"href":"https:\/\/www.ayuntamientodeharia.com\/haria\/wp-json\/wp\/v2\/users\/7"}],"replies":[{"embeddable":true,"href":"https:\/\/www.ayuntamientodeharia.com\/haria\/wp-json\/wp\/v2\/comments?post=14850"}],"version-history":[{"count":1,"href":"https:\/\/www.ayuntamientodeharia.com\/haria\/wp-json\/wp\/v2\/posts\/14850\/revisions"}],"predecessor-version":[{"id":14852,"href":"https:\/\/www.ayuntamientodeharia.com\/haria\/wp-json\/wp\/v2\/posts\/14850\/revisions\/14852"}],"wp:attachment":[{"href":"https:\/\/www.ayuntamientodeharia.com\/haria\/wp-json\/wp\/v2\/media?parent=14850"}],"wp:term":[{"taxonomy":"category","embeddable":true,"href":"https:\/\/www.ayuntamientodeharia.com\/haria\/wp-json\/wp\/v2\/categories?post=14850"},{"taxonomy":"post_tag","embeddable":true,"href":"https:\/\/www.ayuntamientodeharia.com\/haria\/wp-json\/wp\/v2\/tags?post=14850"}],"curies":[{"name":"wp","href":"https:\/\/api.w.org\/{rel}","templated":true}]}}