{"id":14731,"date":"2018-11-08T13:14:41","date_gmt":"2018-11-08T13:14:41","guid":{"rendered":"http:\/\/www.ayuntamientodeharia.com\/haria\/?p=14731"},"modified":"2018-11-08T13:21:02","modified_gmt":"2018-11-08T13:21:02","slug":"14731","status":"publish","type":"post","link":"https:\/\/www.ayuntamientodeharia.com\/haria\/14731\/","title":{"rendered":"Programa Fiestas de San Francisco Javier &#8211; Y\u00e9 2018"},"content":{"rendered":"<p>&nbsp;<\/p>\n<p><img fetchpriority=\"high\" decoding=\"async\" class=\"alignleft size-full wp-image-14732\" src=\"http:\/\/www.ayuntamientodeharia.com\/haria\/wp-content\/uploads\/2018\/11\/Fiestas-de-san-Francisco-Javier.jpg\" alt=\"Fiestas de san Francisco Javier\" width=\"2715\" height=\"1904\" srcset=\"https:\/\/www.ayuntamientodeharia.com\/haria\/wp-content\/uploads\/2018\/11\/Fiestas-de-san-Francisco-Javier.jpg 2715w, https:\/\/www.ayuntamientodeharia.com\/haria\/wp-content\/uploads\/2018\/11\/Fiestas-de-san-Francisco-Javier-450x316.jpg 450w, https:\/\/www.ayuntamientodeharia.com\/haria\/wp-content\/uploads\/2018\/11\/Fiestas-de-san-Francisco-Javier-768x539.jpg 768w, https:\/\/www.ayuntamientodeharia.com\/haria\/wp-content\/uploads\/2018\/11\/Fiestas-de-san-Francisco-Javier-1038x728.jpg 1038w, https:\/\/www.ayuntamientodeharia.com\/haria\/wp-content\/uploads\/2018\/11\/Fiestas-de-san-Francisco-Javier-160x112.jpg 160w\" sizes=\"(max-width: 2715px) 100vw, 2715px\" \/><\/p>\n<p>&nbsp;<\/p>\n<p><a href=\"http:\/\/www.ayuntamientodeharia.com\/haria\/?wpfb_dl=1579\" target=\"_blank\">Descargar en PDF<\/a><\/p>\n<p>&nbsp;<\/p>\n<p><strong>VIERNES 09 DE NOVIEMBRE<\/strong><\/p>\n<p><span style=\"text-decoration: underline;\">20:00<\/span> Sorteo y comienzo del &#8220;Campeonato de Envite&#8221;.<\/p>\n<p><span style=\"text-decoration: underline;\">21:00<\/span> Preg\u00f3n de las fiestas a cargo de L\u00e1zaro Perdomo Figueroa.<\/p>\n<p><span style=\"text-decoration: underline;\">21:30<\/span> Tenderete Canario amenizado por la agrupaci\u00f3n folcr\u00f3rica &#8220;Guagime&#8221; y la parranda &#8220;Los Labradores&#8221;.<\/p>\n<p>&nbsp;<\/p>\n<p><strong>SABADO 10 DE NOVIEMBRE<\/strong><\/p>\n<p><span style=\"text-decoration: underline;\">11:00<\/span> Concurso de redacci\u00f3n y dibujo para los ni\u00f1os.<\/p>\n<p><span style=\"text-decoration: underline;\">13:00<\/span> D\u00eda de concierto para todos y paella por 1\u20ac con los grupos:<\/p>\n<p style=\"padding-left: 60px;\">&#8211; Si es tarde nos vamos<\/p>\n<p style=\"padding-left: 60px;\">&#8211; Sinton\u00eda Show<\/p>\n<p style=\"padding-left: 60px;\">&#8211; Nando<\/p>\n<p><span style=\"text-decoration: underline;\">16:30<\/span> Sorteo y comienzo del &#8220;Campeonato Masculino de Bolas libre&#8221;.<\/p>\n<p><span style=\"text-decoration: underline;\">18:00<\/span> Sorteo y comienzo del &#8220;Campeonato Ronda Mixta&#8221;.<\/p>\n<p>&nbsp;<\/p>\n<p><strong>DOMINGO 11 DE NOVIEMBRE<\/strong><\/p>\n<p><span style=\"text-decoration: underline;\">10:00<\/span> Sorteo y comienzo del &#8220;Campeonato Femenino de Bolas libre&#8221;.<\/p>\n<p><span style=\"text-decoration: underline;\">12:00<\/span> Concurso GRAN PRIX. La barriada de arriba se enfrentar\u00e1 contra la barriada de abajo.<\/p>\n<p>Lucha entre mujeres y hombres por conseguir el mejor premio.<\/p>\n<p>Habr\u00e1 garbanzas por 1\u20ac.<\/p>\n<p>\u00a1No te lo pierdas! \u00a1Lo pasaremos en grande!<\/p>\n<p><span style=\"text-decoration: underline;\">16:30<\/span> Sorteo y comienzo del &#8220;Campeonato de Domino&#8221;<\/p>\n<p><span style=\"text-decoration: underline;\">17:30<\/span> Bingo sorpresa.<\/p>\n<p>&nbsp;<\/p>\n<p><strong>VIERNES 16 DE NOVIEMBRE<\/strong><\/p>\n<p><span style=\"text-decoration: underline;\">20:00<\/span> Sorteo y comienzo del Campeonato de Truco.<\/p>\n<p><span style=\"text-decoration: underline;\">21:00<\/span> Noche del humor con la actuaci\u00f3n estelar de Juanito Panch\u00edn y los direfentes actos y sorpresas con los artistas del pueblo.<\/p>\n<p>\u00a1Si no vienes te arrepentir\u00e1s!<\/p>\n<p>&nbsp;<\/p>\n<p><strong>SABADO 17 DE NOVIEMBRE<\/strong><\/p>\n<p><span style=\"text-decoration: underline;\">10:30<\/span> Taller de camisas para adultos a partir de 18 a\u00f1os. Inscripciones m\u00e1ximo 30 personas. (Trae tu propia camisa).<\/p>\n<p><span style=\"text-decoration: underline;\">10:30<\/span> Juegos para los m\u00e1s ni\u00f1os con Hinchables Lanzarote.<\/p>\n<p><span style=\"text-decoration: underline;\">17:00<\/span> Concurso de reposter\u00eda, canap\u00e9s y mermeladas caseras.<\/p>\n<p><span style=\"text-decoration: underline;\">21:00<\/span> Representaci\u00f3n de la obra del grupo de Teatro Ra\u00edces y Ramas con el tema &#8220;La Casona&#8221;.<\/p>\n<p>&nbsp;<\/p>\n<p><strong>DOMINGO 18 DE NOVIEMBRE<\/strong><\/p>\n<p><span style=\"text-decoration: underline;\">13:00<\/span> Fiesta de la Tapa a 1\u20ac con:<\/p>\n<p>&#8211; Escuela de baile latino El Norte Dance, Beatrice Senent y Daniel de la Rosa.<\/p>\n<p>&#8211; Colchonetas y cochitos para los ni\u00f1os<\/p>\n<p>&#8211; Concierto con Inerxia y Pepe Benavente<\/p>\n<p><span style=\"text-decoration: underline;\">17:30<\/span> Sorteo y comienzo del Campeonato de Chinch\u00f3n Femenino.<\/p>\n<p>&nbsp;<\/p>\n<p><strong>VIERNES 23 DE NOVIEMBRE<\/strong><\/p>\n<p><span style=\"text-decoration: underline;\">18:00<\/span> Sorteo y comienzo del &#8220;Campeonato Femenino de Cinquillo&#8221;<\/p>\n<p><span style=\"text-decoration: underline;\">21:00<\/span> Play Back infantil a cargo de los ni\u00f1os del pueblo.<\/p>\n<p>&nbsp;<\/p>\n<p><strong>SABADO 24 DE NOVIEMBRE<\/strong><\/p>\n<p><span style=\"text-decoration: underline;\">10:30<\/span> Taller de camisas pintadas para los ni\u00f1os del pueblo a partir de 3 a\u00f1os. (Cada ni\u00f1o tendr\u00e1 que traer su camisa blanca).<\/p>\n<p><span style=\"text-decoration: underline;\">17:30<\/span> XX Romer\u00eda en Honor a San Francisco Javier y quema del Coronero. A continuaci\u00f3n Baile del Romero amenizado por la parranda Palporr\u00f3ns y Los Salineros. Se premiar\u00e1 al romero y romera infantil mejor ataviado.<\/p>\n<p>&nbsp;<\/p>\n<p><strong>DOMINGO 25 DE NOVIEMBRE<\/strong><\/p>\n<p><span style=\"text-decoration: underline;\">12:30<\/span> Misa y Procesi\u00f3n en honor a San Francisco Javier.<\/p>\n<p><img decoding=\"async\" class=\"alignleft size-full wp-image-14735\" src=\"http:\/\/www.ayuntamientodeharia.com\/haria\/wp-content\/uploads\/2018\/11\/concierto-fiestas-de-Ye-2018.jpg\" alt=\"concierto fiestas de Ye 2018\" width=\"576\" height=\"864\" srcset=\"https:\/\/www.ayuntamientodeharia.com\/haria\/wp-content\/uploads\/2018\/11\/concierto-fiestas-de-Ye-2018.jpg 576w, https:\/\/www.ayuntamientodeharia.com\/haria\/wp-content\/uploads\/2018\/11\/concierto-fiestas-de-Ye-2018-300x450.jpg 300w, https:\/\/www.ayuntamientodeharia.com\/haria\/wp-content\/uploads\/2018\/11\/concierto-fiestas-de-Ye-2018-75x112.jpg 75w\" sizes=\"(max-width: 576px) 100vw, 576px\" \/> <img decoding=\"async\" class=\"alignleft size-full wp-image-14736\" src=\"http:\/\/www.ayuntamientodeharia.com\/haria\/wp-content\/uploads\/2018\/11\/cartel-tapas-ye-2018.jpg\" alt=\"cartel tapas ye 2018\" width=\"576\" height=\"864\" srcset=\"https:\/\/www.ayuntamientodeharia.com\/haria\/wp-content\/uploads\/2018\/11\/cartel-tapas-ye-2018.jpg 576w, https:\/\/www.ayuntamientodeharia.com\/haria\/wp-content\/uploads\/2018\/11\/cartel-tapas-ye-2018-300x450.jpg 300w, https:\/\/www.ayuntamientodeharia.com\/haria\/wp-content\/uploads\/2018\/11\/cartel-tapas-ye-2018-75x112.jpg 75w\" sizes=\"(max-width: 576px) 100vw, 576px\" \/><\/p>\n","protected":false},"excerpt":{"rendered":"<p>&nbsp; &nbsp; Descargar en PDF &nbsp; VIERNES 09 DE NOVIEMBRE 20:00 Sorteo y comienzo del &#8220;Campeonato de Envite&#8221;. 21:00 Preg\u00f3n de las fiestas a cargo de L\u00e1zaro Perdomo Figueroa. 21:30 Tenderete Canario amenizado por la agrupaci\u00f3n folcr\u00f3rica &#8220;Guagime&#8221; y la parranda &#8220;Los Labradores&#8221;. &nbsp; SABADO 10 DE NOVIEMBRE 11:00 Concurso de redacci\u00f3n y dibujo para [&hellip;]<\/p>\n","protected":false},"author":2,"featured_media":0,"comment_status":"closed","ping_status":"closed","sticky":false,"template":"","format":"standard","meta":{"footnotes":""},"categories":[15],"tags":[],"class_list":["post-14731","post","type-post","status-publish","format-standard","hentry","category-festejos"],"_links":{"self":[{"href":"https:\/\/www.ayuntamientodeharia.com\/haria\/wp-json\/wp\/v2\/posts\/14731","targetHints":{"allow":["GET"]}}],"collection":[{"href":"https:\/\/www.ayuntamientodeharia.com\/haria\/wp-json\/wp\/v2\/posts"}],"about":[{"href":"https:\/\/www.ayuntamientodeharia.com\/haria\/wp-json\/wp\/v2\/types\/post"}],"author":[{"embeddable":true,"href":"https:\/\/www.ayuntamientodeharia.com\/haria\/wp-json\/wp\/v2\/users\/2"}],"replies":[{"embeddable":true,"href":"https:\/\/www.ayuntamientodeharia.com\/haria\/wp-json\/wp\/v2\/comments?post=14731"}],"version-history":[{"count":6,"href":"https:\/\/www.ayuntamientodeharia.com\/haria\/wp-json\/wp\/v2\/posts\/14731\/revisions"}],"predecessor-version":[{"id":14741,"href":"https:\/\/www.ayuntamientodeharia.com\/haria\/wp-json\/wp\/v2\/posts\/14731\/revisions\/14741"}],"wp:attachment":[{"href":"https:\/\/www.ayuntamientodeharia.com\/haria\/wp-json\/wp\/v2\/media?parent=14731"}],"wp:term":[{"taxonomy":"category","embeddable":true,"href":"https:\/\/www.ayuntamientodeharia.com\/haria\/wp-json\/wp\/v2\/categories?post=14731"},{"taxonomy":"post_tag","embeddable":true,"href":"https:\/\/www.ayuntamientodeharia.com\/haria\/wp-json\/wp\/v2\/tags?post=14731"}],"curies":[{"name":"wp","href":"https:\/\/api.w.org\/{rel}","templated":true}]}}