{"id":14498,"date":"2018-10-12T08:29:32","date_gmt":"2018-10-12T08:29:32","guid":{"rendered":"http:\/\/www.ayuntamientodeharia.com\/haria\/?p=14498"},"modified":"2018-10-12T08:29:32","modified_gmt":"2018-10-12T08:29:32","slug":"el-municipio-norteno-presente-en-las-ii-jornadas-de-formacion-en-convivencia-escolar","status":"publish","type":"post","link":"https:\/\/www.ayuntamientodeharia.com\/haria\/el-municipio-norteno-presente-en-las-ii-jornadas-de-formacion-en-convivencia-escolar\/","title":{"rendered":"El municipio norte\u00f1o, presente en las \u2018II Jornadas de Formaci\u00f3n en Convivencia Escolar\u2019"},"content":{"rendered":"<p>Los t\u00e9cnicos de la Concejal\u00eda de Juventud han participado, junto al Equipo de Mediaci\u00f3n Escolar del IES Har\u00eda, en las \u2018II Jornadas de Formaci\u00f3n en Convivencia Escolar\u2019 que tuvieron lugar el 3 y 4 de octubre en las instalaciones de la Casa Parroquial de Nazaret.<\/p>\n<p><!--more--><\/p>\n<p>&nbsp;<\/p>\n<p>Durante el desarrollo de las jornadas, los j\u00f3venes del IES Har\u00eda tuvieron la oportunidad de formarse como futuros Hermanos Mayores participando en numerosas charlas y talleres, entre los que destacan \u2018Escucha Activa\u2019, \u2018Comunicaci\u00f3n Asertiva\u2019, \u2018Diversidad Sexual\u2019, \u2018Acompa\u00f1amiento en Duelo\u2019, \u2018Autolesiones: Cutting\u2019, \u2018Mindfullness \u2013 Meditaci\u00f3n\u2019, \u2018Acroyoga\u2019, etc.<\/p>\n<p>&nbsp;<\/p>\n<p>Con la formaci\u00f3n recibida, los alumnos del IES Har\u00eda no solo contar\u00e1n con las herramientas necesarias para resolver sus problemas en la vida diaria, sino que adem\u00e1s podr\u00e1n ayudar a los compa\u00f1eros que se lo solicitan para mejorar la convivencia en el Centro.<\/p>\n","protected":false},"excerpt":{"rendered":"<p>Los t\u00e9cnicos de la Concejal\u00eda de Juventud han participado, junto al Equipo de Mediaci\u00f3n Escolar del IES Har\u00eda, en las \u2018II Jornadas de Formaci\u00f3n en Convivencia Escolar\u2019 que tuvieron lugar el 3 y 4 de octubre en las instalaciones de la Casa Parroquial de Nazaret.<\/p>\n","protected":false},"author":7,"featured_media":14499,"comment_status":"closed","ping_status":"closed","sticky":false,"template":"","format":"standard","meta":{"footnotes":""},"categories":[11,25],"tags":[],"class_list":["post-14498","post","type-post","status-publish","format-standard","has-post-thumbnail","hentry","category-hoja-de-haria","category-juventud"],"_links":{"self":[{"href":"https:\/\/www.ayuntamientodeharia.com\/haria\/wp-json\/wp\/v2\/posts\/14498","targetHints":{"allow":["GET"]}}],"collection":[{"href":"https:\/\/www.ayuntamientodeharia.com\/haria\/wp-json\/wp\/v2\/posts"}],"about":[{"href":"https:\/\/www.ayuntamientodeharia.com\/haria\/wp-json\/wp\/v2\/types\/post"}],"author":[{"embeddable":true,"href":"https:\/\/www.ayuntamientodeharia.com\/haria\/wp-json\/wp\/v2\/users\/7"}],"replies":[{"embeddable":true,"href":"https:\/\/www.ayuntamientodeharia.com\/haria\/wp-json\/wp\/v2\/comments?post=14498"}],"version-history":[{"count":1,"href":"https:\/\/www.ayuntamientodeharia.com\/haria\/wp-json\/wp\/v2\/posts\/14498\/revisions"}],"predecessor-version":[{"id":14500,"href":"https:\/\/www.ayuntamientodeharia.com\/haria\/wp-json\/wp\/v2\/posts\/14498\/revisions\/14500"}],"wp:featuredmedia":[{"embeddable":true,"href":"https:\/\/www.ayuntamientodeharia.com\/haria\/wp-json\/wp\/v2\/media\/14499"}],"wp:attachment":[{"href":"https:\/\/www.ayuntamientodeharia.com\/haria\/wp-json\/wp\/v2\/media?parent=14498"}],"wp:term":[{"taxonomy":"category","embeddable":true,"href":"https:\/\/www.ayuntamientodeharia.com\/haria\/wp-json\/wp\/v2\/categories?post=14498"},{"taxonomy":"post_tag","embeddable":true,"href":"https:\/\/www.ayuntamientodeharia.com\/haria\/wp-json\/wp\/v2\/tags?post=14498"}],"curies":[{"name":"wp","href":"https:\/\/api.w.org\/{rel}","templated":true}]}}