{"id":14323,"date":"2018-09-07T14:24:07","date_gmt":"2018-09-07T14:24:07","guid":{"rendered":"http:\/\/www.ayuntamientodeharia.com\/haria\/?p=14323"},"modified":"2018-09-07T14:24:30","modified_gmt":"2018-09-07T14:24:30","slug":"primera-vendimia-en-la-finca-municipal-de-los-lajares","status":"publish","type":"post","link":"https:\/\/www.ayuntamientodeharia.com\/haria\/primera-vendimia-en-la-finca-municipal-de-los-lajares\/","title":{"rendered":"Primera vendimia en la finca municipal de Los Lajares"},"content":{"rendered":"<p>El pasado martes, 4 de septiembre, tuvo lugar la primera vendimia de esta campa\u00f1a en la finca agroambiental de Los Lajares, propiedad del Ayuntamiento norte\u00f1o.<\/p>\n<p><!--more--><\/p>\n<p>&nbsp;<\/p>\n<p>As\u00ed, se recogi\u00f3 la mayor parte de la uva, unos 900 kilos que ir\u00e1n destinados a la elaboraci\u00f3n de vino banco para la experimentaci\u00f3n en dos variantes: el cultivo de vi\u00f1a sobre colada volc\u00e1nica y el asociado a la tunera.<\/p>\n<p>&nbsp;<\/p>\n<p>En una segunda vendimia, de menor cantidad, lo cosechado se destinar\u00e1 a la experimentaci\u00f3n de vinos dulces. En esta ocasi\u00f3n se han recogido las variedades List\u00e1n y Diego.<\/p>\n<p>&nbsp;<\/p>\n<p>\u201cDespu\u00e9s de tres a\u00f1os trabajando en la recuperaci\u00f3n de un vi\u00f1edo envejecido y que se encontraba abandonado, ya podemos empezar a notar los resultados que todos esper\u00e1bamos\u201d, ha apuntado el alcalde, Marci Acu\u00f1a.<\/p>\n<p>&nbsp;<\/p>\n<p>Por su parte, el concejal de Agricultura, Jos\u00e9 P\u00e9rez Dorta, se\u00f1ala que \u201cse seguir\u00e1 trabajando en la mejora del vi\u00f1edo, haciendo especial hincapi\u00e9 en la variedad propia, de la que ya contamos con m\u00e1s de un centenar de pies y esperamos seguir incrementando, para la finalidad de experimentaci\u00f3n que se pretende desde el \u00c1rea\u201d.<\/p>\n<p>&nbsp;<\/p>\n<p>En este sentido, cabe destacar que ya se esta trabajando en el dise\u00f1o de la bodega experimental que servir\u00e1 de apoyo en el proceso continuo de mejora de los vinos de la Isla.<\/p>\n","protected":false},"excerpt":{"rendered":"<p>El pasado martes, 4 de septiembre, tuvo lugar la primera vendimia de esta campa\u00f1a en la finca agroambiental de Los Lajares, propiedad del Ayuntamiento norte\u00f1o.<\/p>\n","protected":false},"author":7,"featured_media":14324,"comment_status":"closed","ping_status":"closed","sticky":false,"template":"","format":"standard","meta":{"footnotes":""},"categories":[20,81],"tags":[],"class_list":["post-14323","post","type-post","status-publish","format-standard","has-post-thumbnail","hentry","category-agricultura","category-municipio"],"_links":{"self":[{"href":"https:\/\/www.ayuntamientodeharia.com\/haria\/wp-json\/wp\/v2\/posts\/14323","targetHints":{"allow":["GET"]}}],"collection":[{"href":"https:\/\/www.ayuntamientodeharia.com\/haria\/wp-json\/wp\/v2\/posts"}],"about":[{"href":"https:\/\/www.ayuntamientodeharia.com\/haria\/wp-json\/wp\/v2\/types\/post"}],"author":[{"embeddable":true,"href":"https:\/\/www.ayuntamientodeharia.com\/haria\/wp-json\/wp\/v2\/users\/7"}],"replies":[{"embeddable":true,"href":"https:\/\/www.ayuntamientodeharia.com\/haria\/wp-json\/wp\/v2\/comments?post=14323"}],"version-history":[{"count":2,"href":"https:\/\/www.ayuntamientodeharia.com\/haria\/wp-json\/wp\/v2\/posts\/14323\/revisions"}],"predecessor-version":[{"id":14326,"href":"https:\/\/www.ayuntamientodeharia.com\/haria\/wp-json\/wp\/v2\/posts\/14323\/revisions\/14326"}],"wp:featuredmedia":[{"embeddable":true,"href":"https:\/\/www.ayuntamientodeharia.com\/haria\/wp-json\/wp\/v2\/media\/14324"}],"wp:attachment":[{"href":"https:\/\/www.ayuntamientodeharia.com\/haria\/wp-json\/wp\/v2\/media?parent=14323"}],"wp:term":[{"taxonomy":"category","embeddable":true,"href":"https:\/\/www.ayuntamientodeharia.com\/haria\/wp-json\/wp\/v2\/categories?post=14323"},{"taxonomy":"post_tag","embeddable":true,"href":"https:\/\/www.ayuntamientodeharia.com\/haria\/wp-json\/wp\/v2\/tags?post=14323"}],"curies":[{"name":"wp","href":"https:\/\/api.w.org\/{rel}","templated":true}]}}