{"id":14320,"date":"2018-09-07T14:20:16","date_gmt":"2018-09-07T14:20:16","guid":{"rendered":"http:\/\/www.ayuntamientodeharia.com\/haria\/?p=14320"},"modified":"2018-09-07T14:20:16","modified_gmt":"2018-09-07T14:20:16","slug":"guagua-para-la-romeria-de-los-dolores","status":"publish","type":"post","link":"https:\/\/www.ayuntamientodeharia.com\/haria\/guagua-para-la-romeria-de-los-dolores\/","title":{"rendered":"Guagua para la Romer\u00eda de Los Dolores"},"content":{"rendered":"<p>Con motivo de la Romer\u00eda en honor a Nuestra Se\u00f1ora de los Dolores el pr\u00f3ximo s\u00e1bado, 15 de agosto, la Concejal\u00eda de Festejos, coordinada por Soraya Brito, pone a disposici\u00f3n de todos vecinos un servicio de guagua.<\/p>\n<p><!--more--><\/p>\n<p>&nbsp;<\/p>\n<p>Todos aquellos interesados deber\u00e1n inscribirse en el Registro de Entrada del Ayuntamiento o llamando al tel\u00e9fono 928 835 251 antes del viernes, 14 de septiembre, a las 12:00 horas.<\/p>\n<p>&nbsp;<\/p>\n<p>La guagua saldr\u00e1 a las 17:00 horas desde la trasera de la iglesia de Har\u00eda, pasando a continuaci\u00f3n por los diferentes pueblos en los que se haya solicitado el servicio.<\/p>\n","protected":false},"excerpt":{"rendered":"<p>Con motivo de la Romer\u00eda en honor a Nuestra Se\u00f1ora de los Dolores el pr\u00f3ximo s\u00e1bado, 15 de agosto, la Concejal\u00eda de Festejos, coordinada por Soraya Brito, pone a disposici\u00f3n de todos vecinos un servicio de guagua.<\/p>\n","protected":false},"author":7,"featured_media":14321,"comment_status":"closed","ping_status":"closed","sticky":false,"template":"","format":"standard","meta":{"footnotes":""},"categories":[15,11],"tags":[],"class_list":["post-14320","post","type-post","status-publish","format-standard","has-post-thumbnail","hentry","category-festejos","category-hoja-de-haria"],"_links":{"self":[{"href":"https:\/\/www.ayuntamientodeharia.com\/haria\/wp-json\/wp\/v2\/posts\/14320","targetHints":{"allow":["GET"]}}],"collection":[{"href":"https:\/\/www.ayuntamientodeharia.com\/haria\/wp-json\/wp\/v2\/posts"}],"about":[{"href":"https:\/\/www.ayuntamientodeharia.com\/haria\/wp-json\/wp\/v2\/types\/post"}],"author":[{"embeddable":true,"href":"https:\/\/www.ayuntamientodeharia.com\/haria\/wp-json\/wp\/v2\/users\/7"}],"replies":[{"embeddable":true,"href":"https:\/\/www.ayuntamientodeharia.com\/haria\/wp-json\/wp\/v2\/comments?post=14320"}],"version-history":[{"count":1,"href":"https:\/\/www.ayuntamientodeharia.com\/haria\/wp-json\/wp\/v2\/posts\/14320\/revisions"}],"predecessor-version":[{"id":14322,"href":"https:\/\/www.ayuntamientodeharia.com\/haria\/wp-json\/wp\/v2\/posts\/14320\/revisions\/14322"}],"wp:featuredmedia":[{"embeddable":true,"href":"https:\/\/www.ayuntamientodeharia.com\/haria\/wp-json\/wp\/v2\/media\/14321"}],"wp:attachment":[{"href":"https:\/\/www.ayuntamientodeharia.com\/haria\/wp-json\/wp\/v2\/media?parent=14320"}],"wp:term":[{"taxonomy":"category","embeddable":true,"href":"https:\/\/www.ayuntamientodeharia.com\/haria\/wp-json\/wp\/v2\/categories?post=14320"},{"taxonomy":"post_tag","embeddable":true,"href":"https:\/\/www.ayuntamientodeharia.com\/haria\/wp-json\/wp\/v2\/tags?post=14320"}],"curies":[{"name":"wp","href":"https:\/\/api.w.org\/{rel}","templated":true}]}}