{"id":14312,"date":"2018-09-07T14:05:15","date_gmt":"2018-09-07T14:05:15","guid":{"rendered":"http:\/\/www.ayuntamientodeharia.com\/haria\/?p=14312"},"modified":"2018-09-07T14:13:14","modified_gmt":"2018-09-07T14:13:14","slug":"14312","status":"publish","type":"post","link":"https:\/\/www.ayuntamientodeharia.com\/haria\/14312\/","title":{"rendered":"IV Semana del Sector Primario de Lanzarote"},"content":{"rendered":"<p>La Asociaci\u00f3n de Queser\u00eda Artesanales de Lanzarote (AQUAL), la Asociaci\u00f3n de Amigos del Vino y Queso de Lanzarote y Palca-Lanzarote organizan, con la colaboraci\u00f3n del \u00c1rea de Agricultura del Ayuntamiento y del Cabildo de Lanzarote, la IV Semana del Sector Primario de Lanzarote, a celebrar del 17 al 23 de septiembre en el centro cultural La Tegala de Har\u00eda.\u00a0 \u00a0\u00a0<!--more--><\/p>\n<p>&nbsp;<\/p>\n<ul>\n<li>Lunes 17, a las 18:00 horas: Encuentro de los distintos colectivos del sector primario para tratar la problem\u00e1tica insular que afecta al indicado sector.<\/li>\n<\/ul>\n<p>&nbsp;<\/p>\n<ul>\n<li>Mi\u00e9rcoles 19, a las 20:00 horas: Charla a cargo de Martina Rassi R\u00fcger, agricultora ecol\u00f3gica profesional, y Manuel Redondo Zaera, secretario t\u00e9cnico de COAG-Canarias, bajo el t\u00edtulo de \u2018La agricultura como elecci\u00f3n y modo de vida\u2019.<\/li>\n<\/ul>\n<p>&nbsp;<\/p>\n<ul>\n<li>Jueves 20, a las 20:00 horas: Cata maridaje y presentaci\u00f3n de producto artesano del municipio<\/li>\n<\/ul>\n<p>&nbsp;<\/p>\n<ul>\n<li>Viernes 21, a las 19:30 horas: Charla-coloquio a cargo de Narvay Quintero Casta\u00f1eda, consejero de Agricultura, Ganader\u00eda, Pesca y Aguas del Gobierno de Canarias, y de Abel Morales Rodr\u00edguez, viceconsejero del Sector Primario del Ejecutivo regional.<\/li>\n<\/ul>\n<p>&nbsp;<\/p>\n<ul>\n<li>Domingo 23, a las 13:00 horas: Valoraci\u00f3n de las actividades programadas y comida de confraternizaci\u00f3n en el centro cultural La Tegala.<\/li>\n<\/ul>\n<p>&nbsp;<\/p>\n<p>NOTA: A las reuniones del mi\u00e9rcoles, viernes y domingo podr\u00e1n asistir todos los que deseen. Los que quieran quedarse al almuerzo del domingo han de inscribirse previamente antes del 22 de septiembre. El precio del almuerzo por persona es de 23 euros.<\/p>\n","protected":false},"excerpt":{"rendered":"<p>La Asociaci\u00f3n de Queser\u00eda Artesanales de Lanzarote (AQUAL), la Asociaci\u00f3n de Amigos del Vino y Queso de Lanzarote y Palca-Lanzarote organizan, con la colaboraci\u00f3n del \u00c1rea de Agricultura del Ayuntamiento y del Cabildo de Lanzarote, la IV Semana del Sector Primario de Lanzarote, a celebrar del 17 al 23 de septiembre en el centro cultural [&hellip;]<\/p>\n","protected":false},"author":7,"featured_media":14313,"comment_status":"closed","ping_status":"closed","sticky":false,"template":"","format":"standard","meta":{"footnotes":""},"categories":[20,11],"tags":[],"class_list":["post-14312","post","type-post","status-publish","format-standard","has-post-thumbnail","hentry","category-agricultura","category-hoja-de-haria"],"_links":{"self":[{"href":"https:\/\/www.ayuntamientodeharia.com\/haria\/wp-json\/wp\/v2\/posts\/14312","targetHints":{"allow":["GET"]}}],"collection":[{"href":"https:\/\/www.ayuntamientodeharia.com\/haria\/wp-json\/wp\/v2\/posts"}],"about":[{"href":"https:\/\/www.ayuntamientodeharia.com\/haria\/wp-json\/wp\/v2\/types\/post"}],"author":[{"embeddable":true,"href":"https:\/\/www.ayuntamientodeharia.com\/haria\/wp-json\/wp\/v2\/users\/7"}],"replies":[{"embeddable":true,"href":"https:\/\/www.ayuntamientodeharia.com\/haria\/wp-json\/wp\/v2\/comments?post=14312"}],"version-history":[{"count":3,"href":"https:\/\/www.ayuntamientodeharia.com\/haria\/wp-json\/wp\/v2\/posts\/14312\/revisions"}],"predecessor-version":[{"id":14316,"href":"https:\/\/www.ayuntamientodeharia.com\/haria\/wp-json\/wp\/v2\/posts\/14312\/revisions\/14316"}],"wp:featuredmedia":[{"embeddable":true,"href":"https:\/\/www.ayuntamientodeharia.com\/haria\/wp-json\/wp\/v2\/media\/14313"}],"wp:attachment":[{"href":"https:\/\/www.ayuntamientodeharia.com\/haria\/wp-json\/wp\/v2\/media?parent=14312"}],"wp:term":[{"taxonomy":"category","embeddable":true,"href":"https:\/\/www.ayuntamientodeharia.com\/haria\/wp-json\/wp\/v2\/categories?post=14312"},{"taxonomy":"post_tag","embeddable":true,"href":"https:\/\/www.ayuntamientodeharia.com\/haria\/wp-json\/wp\/v2\/tags?post=14312"}],"curies":[{"name":"wp","href":"https:\/\/api.w.org\/{rel}","templated":true}]}}