{"id":14309,"date":"2018-09-07T14:03:21","date_gmt":"2018-09-07T14:03:21","guid":{"rendered":"http:\/\/www.ayuntamientodeharia.com\/haria\/?p=14309"},"modified":"2018-09-07T14:03:21","modified_gmt":"2018-09-07T14:03:21","slug":"nuevo-exito-de-lionel-morales","status":"publish","type":"post","link":"https:\/\/www.ayuntamientodeharia.com\/haria\/nuevo-exito-de-lionel-morales\/","title":{"rendered":"Nuevo \u00e9xito de Lionel Morales"},"content":{"rendered":"<p><img decoding=\"async\" class=\"alignleft size-thumbnail wp-image-14310\" src=\"http:\/\/www.ayuntamientodeharia.com\/haria\/wp-content\/uploads\/2018\/09\/Lionel-Morales-150x150.jpg\" alt=\"Lionel Morales\" width=\"150\" height=\"150\" \/>Desde el Ayuntamiento norte\u00f1o se felicita al atleta del municipio\u00a0Lionel Morales tras hacerse con su tercer t\u00edtulo de campe\u00f3n de Espa\u00f1a de Paratriatl\u00f3n.<\/p>\n<p><!--more--><\/p>\n<p>&nbsp;<\/p>\n<p>Finalista en los Juegos Paral\u00edmpicos de R\u00edo de Janeiro 2016, Morales a\u00f1ade el nuevo t\u00edtulo conseguido en A Coru\u00f1a al de dos veces campe\u00f3n de Espa\u00f1a de Paraduatl\u00f3n, modalidad en la que fue campe\u00f3n del mundo tambi\u00e9n en 2016.<\/p>\n","protected":false},"excerpt":{"rendered":"<p>Desde el Ayuntamiento norte\u00f1o se felicita al atleta del municipio\u00a0Lionel Morales tras hacerse con su tercer t\u00edtulo de campe\u00f3n de Espa\u00f1a de Paratriatl\u00f3n.<\/p>\n","protected":false},"author":7,"featured_media":0,"comment_status":"closed","ping_status":"closed","sticky":false,"template":"","format":"standard","meta":{"footnotes":""},"categories":[17,11],"tags":[],"class_list":["post-14309","post","type-post","status-publish","format-standard","hentry","category-deportes","category-hoja-de-haria"],"_links":{"self":[{"href":"https:\/\/www.ayuntamientodeharia.com\/haria\/wp-json\/wp\/v2\/posts\/14309","targetHints":{"allow":["GET"]}}],"collection":[{"href":"https:\/\/www.ayuntamientodeharia.com\/haria\/wp-json\/wp\/v2\/posts"}],"about":[{"href":"https:\/\/www.ayuntamientodeharia.com\/haria\/wp-json\/wp\/v2\/types\/post"}],"author":[{"embeddable":true,"href":"https:\/\/www.ayuntamientodeharia.com\/haria\/wp-json\/wp\/v2\/users\/7"}],"replies":[{"embeddable":true,"href":"https:\/\/www.ayuntamientodeharia.com\/haria\/wp-json\/wp\/v2\/comments?post=14309"}],"version-history":[{"count":1,"href":"https:\/\/www.ayuntamientodeharia.com\/haria\/wp-json\/wp\/v2\/posts\/14309\/revisions"}],"predecessor-version":[{"id":14311,"href":"https:\/\/www.ayuntamientodeharia.com\/haria\/wp-json\/wp\/v2\/posts\/14309\/revisions\/14311"}],"wp:attachment":[{"href":"https:\/\/www.ayuntamientodeharia.com\/haria\/wp-json\/wp\/v2\/media?parent=14309"}],"wp:term":[{"taxonomy":"category","embeddable":true,"href":"https:\/\/www.ayuntamientodeharia.com\/haria\/wp-json\/wp\/v2\/categories?post=14309"},{"taxonomy":"post_tag","embeddable":true,"href":"https:\/\/www.ayuntamientodeharia.com\/haria\/wp-json\/wp\/v2\/tags?post=14309"}],"curies":[{"name":"wp","href":"https:\/\/api.w.org\/{rel}","templated":true}]}}