{"id":14307,"date":"2018-09-07T14:02:11","date_gmt":"2018-09-07T14:02:11","guid":{"rendered":"http:\/\/www.ayuntamientodeharia.com\/haria\/?p=14307"},"modified":"2018-09-07T14:02:11","modified_gmt":"2018-09-07T14:02:11","slug":"permanece-abierta-la-matricula-en-el-cepa-titerroygatra","status":"publish","type":"post","link":"https:\/\/www.ayuntamientodeharia.com\/haria\/permanece-abierta-la-matricula-en-el-cepa-titerroygatra\/","title":{"rendered":"Permanece abierta la matr\u00edcula en el CEPA Titerroygatra"},"content":{"rendered":"<p><img decoding=\"async\" class=\"alignleft size-thumbnail wp-image-12487\" src=\"http:\/\/www.ayuntamientodeharia.com\/haria\/wp-content\/uploads\/2018\/05\/Screenshot_8-150x124.png\" alt=\"Screenshot_8\" width=\"150\" height=\"124\" \/>El CEPA Titerroygatra comunica que permanece abierta la matr\u00edcula para el curso 2018\/2019 y posteriormente con ocasi\u00f3n de vacante hasta el 12 de septiembre (fecha de inicio de las clases) para las ense\u00f1anzas de:<\/p>\n<p><!--more--><\/p>\n<p>\u2022 Formaci\u00f3n B\u00e1sica Inicial (Alfabetizaci\u00f3n niveles 1\u00ba y 2\u00ba)<br \/>\n\u2022 Graduado en Ense\u00f1anza Secundaria (tramos I, II, III y IV)<br \/>\n\u2022 Curso de preparaci\u00f3n prueba para la obtenci\u00f3n directa del T\u00edtulo de Graduado, GESO<br \/>\n\u2022 Curso de preparaci\u00f3n pruebas de acceso a ciclos formativos de FP<br \/>\n\u2022 Cursos del Aula Mentor<br \/>\n\u2022 Curso de Ingl\u00e9s, That\u2019s English!<br \/>\n\u2022 Inform\u00e1tica B\u00e1sica<br \/>\n\u2022 Acreditaci\u00f3n Competencias Clave Europeas Nivel 2 y 3<\/p>\n<p>&nbsp;<\/p>\n<p>M\u00e1s informaci\u00f3n y matr\u00edcula en el Aula de M\u00e1guez, de lunes a jueves, de 18:00 a 20:00 horas, y en el centro sede en Arrecife e C\/ Carlos III s\/n, en horario de ma\u00f1anas de 9:00 13:00 horas, de lunes a viernes, y tardes, de 17:00 a 20:00 horas, de lunes a jueves.<\/p>\n","protected":false},"excerpt":{"rendered":"<p>El CEPA Titerroygatra comunica que permanece abierta la matr\u00edcula para el curso 2018\/2019 y posteriormente con ocasi\u00f3n de vacante hasta el 12 de septiembre (fecha de inicio de las clases) para las ense\u00f1anzas de:<\/p>\n","protected":false},"author":7,"featured_media":0,"comment_status":"closed","ping_status":"closed","sticky":false,"template":"","format":"standard","meta":{"footnotes":""},"categories":[19,11],"tags":[],"class_list":["post-14307","post","type-post","status-publish","format-standard","hentry","category-formacion","category-hoja-de-haria"],"_links":{"self":[{"href":"https:\/\/www.ayuntamientodeharia.com\/haria\/wp-json\/wp\/v2\/posts\/14307","targetHints":{"allow":["GET"]}}],"collection":[{"href":"https:\/\/www.ayuntamientodeharia.com\/haria\/wp-json\/wp\/v2\/posts"}],"about":[{"href":"https:\/\/www.ayuntamientodeharia.com\/haria\/wp-json\/wp\/v2\/types\/post"}],"author":[{"embeddable":true,"href":"https:\/\/www.ayuntamientodeharia.com\/haria\/wp-json\/wp\/v2\/users\/7"}],"replies":[{"embeddable":true,"href":"https:\/\/www.ayuntamientodeharia.com\/haria\/wp-json\/wp\/v2\/comments?post=14307"}],"version-history":[{"count":1,"href":"https:\/\/www.ayuntamientodeharia.com\/haria\/wp-json\/wp\/v2\/posts\/14307\/revisions"}],"predecessor-version":[{"id":14308,"href":"https:\/\/www.ayuntamientodeharia.com\/haria\/wp-json\/wp\/v2\/posts\/14307\/revisions\/14308"}],"wp:attachment":[{"href":"https:\/\/www.ayuntamientodeharia.com\/haria\/wp-json\/wp\/v2\/media?parent=14307"}],"wp:term":[{"taxonomy":"category","embeddable":true,"href":"https:\/\/www.ayuntamientodeharia.com\/haria\/wp-json\/wp\/v2\/categories?post=14307"},{"taxonomy":"post_tag","embeddable":true,"href":"https:\/\/www.ayuntamientodeharia.com\/haria\/wp-json\/wp\/v2\/tags?post=14307"}],"curies":[{"name":"wp","href":"https:\/\/api.w.org\/{rel}","templated":true}]}}