{"id":14303,"date":"2018-09-07T13:55:49","date_gmt":"2018-09-07T13:55:49","guid":{"rendered":"http:\/\/www.ayuntamientodeharia.com\/haria\/?p=14303"},"modified":"2018-09-07T13:55:49","modified_gmt":"2018-09-07T13:55:49","slug":"balcon-de-haria-por-gregorio-barreto-vinoly-6","status":"publish","type":"post","link":"https:\/\/www.ayuntamientodeharia.com\/haria\/balcon-de-haria-por-gregorio-barreto-vinoly-6\/","title":{"rendered":"Balc\u00f3n de Har\u00eda. Por Gregorio Barreto Vi\u00f1oly"},"content":{"rendered":"<p><img decoding=\"async\" class=\"alignleft size-thumbnail wp-image-11955\" src=\"http:\/\/www.ayuntamientodeharia.com\/haria\/wp-content\/uploads\/2018\/04\/Gregorio-Barreto-150x150.jpg\" alt=\"Gregorio Barreto\" width=\"150\" height=\"150\" \/>La familia Bonilla Villalba ha tenido bastante influencia en el municipio de Har\u00eda, y m\u00e1s concretamente en el pueblo de M\u00e1guez, de donde vienen sus principios.<\/p>\n<p><!--more--><\/p>\n<p>&nbsp;<\/p>\n<p>En el pueblo de M\u00e1guez hubo una expresi\u00f3n muy extendida que era \u201cen M\u00e1guez hay muchas Torres y Villalbas\u201d, aunque la referencia era mas bien dirigida a que en la zona de M\u00e1guez se notaban muchas torres o nubarrones, y que ello barruntaba que por la zona sol\u00eda llover bastante, o abundar al menos las nubes para llover.<\/p>\n<p>&nbsp;<\/p>\n<p>Efectivamente para conocer la historia y devenir de un pueblo es bueno saber de sus familias, ramas, l\u00edneas y apellidos, y en esta ocasi\u00f3n nos vamos a centrar en los Bonilla Villalba.<\/p>\n<p>&nbsp;<\/p>\n<p>Para buscar las ra\u00edces de la rama m\u00e1s antigua que hemos localizado de la familia Bonilla Villalba, hemos encontrado a Don Ram\u00f3n Bonilla Perdomo y a su esposa Do\u00f1a Leocadia Guti\u00e9rrez Arbelo, nacidos en 1829 y 1827, respectivamente, y vaya que de ah\u00ed salieron varios hijos apellidados Bonilla Villalba, como Don Anselmo, nacido en 1852, Do\u00f1a Elvira, nacida en 1862, Don Eugenio, nacido en 1867 y Don Nicol\u00e1s, nacido en 1879, que vivieron en el pueblo de M\u00e1guez, mientras al menos fueron solteros.<\/p>\n<p>&nbsp;<\/p>\n<p>Don Anselmo, que era el mayor, naci\u00f3 el d\u00eda 01-01-1852, con diferencia de edad de los dem\u00e1s hermanos, y cas\u00f3 con Do\u00f1a Vicenta Concepci\u00f3n Arbelo, siendo sus hijos apellidados Bonilla Concepci\u00f3n, en n\u00famero de siete, con este detalle:<\/p>\n<p>&nbsp;<\/p>\n<p>Don Antonio, que cas\u00f3 con Do\u00f1a Josefa Hern\u00e1ndez Betancor, dejando varios hijos, apellidados Bonilla Hern\u00e1ndez; Do\u00f1a Aurora, nacida en 05-02-1894, casada con Don Tom\u00e1s Mesa Perdomo, falleciendo en 30-09-1965, dejando cinco hijos apellidados Mesa Bonilla, que se asentaron en familia en Arrieta; Don Eugenio, Don Eusebio, Don Santiago, Don Manuel y Do\u00f1a Manuela, que fallecieron muy j\u00f3venes, algunos de ni\u00f1os. Do\u00f1a Anselma, nacida en 1900, casada con Don Antonio Brito Rodr\u00edguez, dejando varios hijos. Do\u00f1a Josefa, nacida en 1886, casada con Don Juan Torres Bonilla, dejando varios hijos Torres Bonilla.<\/p>\n<p>&nbsp;<\/p>\n<p>Do\u00f1a Elvira Bonilla Villalba, nacida en 16-09-1862, y fallecida en 16-02-1953, que vivi\u00f3 en M\u00e1guez, dejando dos hijas llamadas Filomena Bonilla Villalba, nacida en 06-08-1883, que cas\u00f3 con Don Manuel Sicilia de Le\u00f3n, dejando varios hijos apellidados Sicilia Bonilla, y Do\u00f1a Mar\u00eda Bonilla Villalba, nacida en 10-09-1899, fallecida en 20-06-1977, que cas\u00f3 con Don Antonio Barrios Hern\u00e1ndez, que vivieron en M\u00e1guez, no dejando hijos.<\/p>\n<p>&nbsp;<\/p>\n<p>Don Eugenio Bonilla Villalba, nacido en 06-09-1867, fallecido en 06-02-1946, habiendo casado con Do\u00f1a Carmen Borges Torres, que vivieron en M\u00e1guez, habiendo dejado siete hijos apellidados Bonilla Borges, siendo \u00e9stos: Pedro, nacido en 1890, casado con Do\u00f1a Genara Mart\u00edn; Do\u00f1a Nicolasa, nacida en 1903, casada con Don Antonio Perdomo Robayna; Do\u00f1a Celestina, nacida en 1896, casada con Don D\u00e1maso N\u00fa\u00f1ez L\u00f3pez, dejando hijos N\u00fa\u00f1ez Bonilla; Don Antonio, nacido en 1889, casado con Do\u00f1a B\u00e1rbara Rocha Villalba; Don Juan, nacido en 1906, casado con Do\u00f1a Isabel Hern\u00e1ndez Luzardo; y Do\u00f1a Manuela, nacida en 1908, casada con Don Juli\u00e1n Hern\u00e1ndez Luzardo, dejando varios hijos Hern\u00e1ndez Bonilla.<\/p>\n<p>&nbsp;<\/p>\n<p>Don Nicol\u00e1s Bonilla Villalba, nacido en 01-12-1879 y fallecido en 15-10-1953, habiendo casado con Do\u00f1a Mar\u00eda Dolores Curbelo Villalba, dejando cinco hijos apellidados Bonilla Curbelo, siendo \u00e9stos: Do\u00f1a Rafaela, nacida en 13-11-1896, casada con Don Domingo Cabrera Rodr\u00edguez, dejando varios hijos Cabrera Bonill; Don Francisco, nacido en 13-08-1894, casado con Do\u00f1a Vicenta Garc\u00eda de Le\u00f3n, fallecido en 11-12-1977, dejando varios hijos Bonilla Garc\u00eda; Do\u00f1a Mar\u00eda Dolores, nacida en 1908, casada con Don Pablo Torres Mart\u00edn; y Do\u00f1a Nieves, nacida en 1910, casada con Don Juan Manuel Torres Torres, que vivieron en M\u00e1guez, no teniendo hijos. Y Don Manuel, nacido en 01-12-1906, casado con Do\u00f1a Mar\u00eda Isabel Betancor Villalba, que vivi\u00f3 en M\u00e1guez, dejando varios hijos apellidados Bonilla Betancor.<\/p>\n","protected":false},"excerpt":{"rendered":"<p>La familia Bonilla Villalba ha tenido bastante influencia en el municipio de Har\u00eda, y m\u00e1s concretamente en el pueblo de M\u00e1guez, de donde vienen sus principios.<\/p>\n","protected":false},"author":7,"featured_media":0,"comment_status":"closed","ping_status":"closed","sticky":false,"template":"","format":"standard","meta":{"footnotes":""},"categories":[94,11],"tags":[],"class_list":["post-14303","post","type-post","status-publish","format-standard","hentry","category-balcon-de-haria","category-hoja-de-haria"],"_links":{"self":[{"href":"https:\/\/www.ayuntamientodeharia.com\/haria\/wp-json\/wp\/v2\/posts\/14303","targetHints":{"allow":["GET"]}}],"collection":[{"href":"https:\/\/www.ayuntamientodeharia.com\/haria\/wp-json\/wp\/v2\/posts"}],"about":[{"href":"https:\/\/www.ayuntamientodeharia.com\/haria\/wp-json\/wp\/v2\/types\/post"}],"author":[{"embeddable":true,"href":"https:\/\/www.ayuntamientodeharia.com\/haria\/wp-json\/wp\/v2\/users\/7"}],"replies":[{"embeddable":true,"href":"https:\/\/www.ayuntamientodeharia.com\/haria\/wp-json\/wp\/v2\/comments?post=14303"}],"version-history":[{"count":1,"href":"https:\/\/www.ayuntamientodeharia.com\/haria\/wp-json\/wp\/v2\/posts\/14303\/revisions"}],"predecessor-version":[{"id":14304,"href":"https:\/\/www.ayuntamientodeharia.com\/haria\/wp-json\/wp\/v2\/posts\/14303\/revisions\/14304"}],"wp:attachment":[{"href":"https:\/\/www.ayuntamientodeharia.com\/haria\/wp-json\/wp\/v2\/media?parent=14303"}],"wp:term":[{"taxonomy":"category","embeddable":true,"href":"https:\/\/www.ayuntamientodeharia.com\/haria\/wp-json\/wp\/v2\/categories?post=14303"},{"taxonomy":"post_tag","embeddable":true,"href":"https:\/\/www.ayuntamientodeharia.com\/haria\/wp-json\/wp\/v2\/tags?post=14303"}],"curies":[{"name":"wp","href":"https:\/\/api.w.org\/{rel}","templated":true}]}}