{"id":14036,"date":"2018-08-03T15:45:16","date_gmt":"2018-08-03T15:45:16","guid":{"rendered":"http:\/\/www.ayuntamientodeharia.com\/haria\/?p=14036"},"modified":"2018-08-03T16:09:51","modified_gmt":"2018-08-03T16:09:51","slug":"se-clausura-con-exito-el-primer-curso-de-las-jornadas-de-innovacion-y-diversificacion-agricola-la-tunera-sus-frutos-y-derivados","status":"publish","type":"post","link":"https:\/\/www.ayuntamientodeharia.com\/haria\/se-clausura-con-exito-el-primer-curso-de-las-jornadas-de-innovacion-y-diversificacion-agricola-la-tunera-sus-frutos-y-derivados\/","title":{"rendered":"Se clausura con \u00e9xito el primer curso de las Jornadas de Innovaci\u00f3n y diversificaci\u00f3n agr\u00edcola: La tunera, sus frutos y derivados"},"content":{"rendered":"<p>El pasado viernes, 27 de julio, la Asociaci\u00f3n Milana clausur\u00f3 el curso de An\u00e1lisis ambiental y socioecon\u00f3mico de las tuneras,<\/p>\n<p><!--more--><\/p>\n<p>&nbsp;<\/p>\n<p>al que asistieron unas veinte personas interesadas en conocer la viabilidad de negocios relacionados con el cultivo, transformaci\u00f3n, procesado, distribuci\u00f3n y comercializaci\u00f3n de productos derivados de la tunera.<\/p>\n<p>&nbsp;<\/p>\n<p>Este curso forma parte de las Jornadas de Innovaci\u00f3n y diversificaci\u00f3n agr\u00edcola: La tunera, sus frutos y derivados,\u00a0 organizadas por la Asociaci\u00f3n Milana con el patrocinio de los Ayuntamientos de Har\u00eda y Teguise.<\/p>\n<p>&nbsp;<\/p>\n<p>Las jornadas se seguir\u00e1n desarrollando del 24 al 28 de septiembre con la impartici\u00f3n del curso Historia, biolog\u00eda y cultivo de la tunera y la cochinilla en Lanzarote.<\/p>\n","protected":false},"excerpt":{"rendered":"<p>El pasado viernes, 27 de julio, la Asociaci\u00f3n Milana clausur\u00f3 el curso de An\u00e1lisis ambiental y socioecon\u00f3mico de las tuneras,<\/p>\n","protected":false},"author":6,"featured_media":14040,"comment_status":"closed","ping_status":"closed","sticky":false,"template":"","format":"standard","meta":{"footnotes":""},"categories":[20,11],"tags":[],"class_list":["post-14036","post","type-post","status-publish","format-standard","has-post-thumbnail","hentry","category-agricultura","category-hoja-de-haria"],"_links":{"self":[{"href":"https:\/\/www.ayuntamientodeharia.com\/haria\/wp-json\/wp\/v2\/posts\/14036","targetHints":{"allow":["GET"]}}],"collection":[{"href":"https:\/\/www.ayuntamientodeharia.com\/haria\/wp-json\/wp\/v2\/posts"}],"about":[{"href":"https:\/\/www.ayuntamientodeharia.com\/haria\/wp-json\/wp\/v2\/types\/post"}],"author":[{"embeddable":true,"href":"https:\/\/www.ayuntamientodeharia.com\/haria\/wp-json\/wp\/v2\/users\/6"}],"replies":[{"embeddable":true,"href":"https:\/\/www.ayuntamientodeharia.com\/haria\/wp-json\/wp\/v2\/comments?post=14036"}],"version-history":[{"count":3,"href":"https:\/\/www.ayuntamientodeharia.com\/haria\/wp-json\/wp\/v2\/posts\/14036\/revisions"}],"predecessor-version":[{"id":14043,"href":"https:\/\/www.ayuntamientodeharia.com\/haria\/wp-json\/wp\/v2\/posts\/14036\/revisions\/14043"}],"wp:featuredmedia":[{"embeddable":true,"href":"https:\/\/www.ayuntamientodeharia.com\/haria\/wp-json\/wp\/v2\/media\/14040"}],"wp:attachment":[{"href":"https:\/\/www.ayuntamientodeharia.com\/haria\/wp-json\/wp\/v2\/media?parent=14036"}],"wp:term":[{"taxonomy":"category","embeddable":true,"href":"https:\/\/www.ayuntamientodeharia.com\/haria\/wp-json\/wp\/v2\/categories?post=14036"},{"taxonomy":"post_tag","embeddable":true,"href":"https:\/\/www.ayuntamientodeharia.com\/haria\/wp-json\/wp\/v2\/tags?post=14036"}],"curies":[{"name":"wp","href":"https:\/\/api.w.org\/{rel}","templated":true}]}}