{"id":14033,"date":"2018-08-03T15:58:36","date_gmt":"2018-08-03T15:58:36","guid":{"rendered":"http:\/\/www.ayuntamientodeharia.com\/haria\/?p=14033"},"modified":"2018-08-03T16:14:03","modified_gmt":"2018-08-03T16:14:03","slug":"haria-celebra-este-domingo-su-peregrinacion-a-la-ermita-de-las-nieves","status":"publish","type":"post","link":"https:\/\/www.ayuntamientodeharia.com\/haria\/haria-celebra-este-domingo-su-peregrinacion-a-la-ermita-de-las-nieves\/","title":{"rendered":"Har\u00eda celebra este domingo su peregrinaci\u00f3n a la Ermita de Las Nieves"},"content":{"rendered":"<p>Con motivo de la celebraci\u00f3n de las Fiestas de Las Nieves, el Ayuntamiento de Har\u00eda organiza la tradicional peregrinaci\u00f3n a la Ermita de Las Nieves este domingo, 5 de agosto.<\/p>\n<p><!--more--><\/p>\n<p>&nbsp;<\/p>\n<p>En esta ocasi\u00f3n el evento contar\u00e1 por primera vez con la participaci\u00f3n de la Agrupaci\u00f3n Folcl\u00f3rica de Sabinosa (El Hierro), que una vez realizada la Venia a la patrona de Har\u00eda, acompa\u00f1ar\u00e1 a los peregrinos con sus ch\u00e1caras y tambores hasta la Ermita de Las Nieves.<\/p>\n<p>&nbsp;<\/p>\n<p>El alcalde de Har\u00eda, Marci Acu\u00f1a, invita a vecinos del municipio y a visitantes a compartir este acto singular, declarando que \u201cla peregrinaci\u00f3n a la Ermita de las Nieves es una de nuestras tradiciones m\u00e1s emblem\u00e1ticas, un fen\u00f3meno religioso y cultural que forma parte de nuestra idiosincrasia como pueblo, que nos arraiga y enorgullece\u201d.<\/p>\n<p>&nbsp;<\/p>\n<p>Cabe se\u00f1alar que la tradicional peregrinaci\u00f3n a la Ermita de las Nieves saldr\u00e1 a las 07:00 horas desde la Iglesia de Nuestra Se\u00f1ora de la Encarnaci\u00f3n de Har\u00eda, y no desde la Plaza de la Constituci\u00f3n, como ven\u00eda siendo costumbre.<\/p>\n<p>&nbsp;<\/p>\n<p>Por otro lado, destacar que a las 13:30 horas tendr\u00e1 lugar una Fiesta de peregrinos amenizada por el grupo The Bourbon y el solista Alejandro Gonz\u00e1lez en la plaza de Har\u00eda. Habr\u00e1 degustaci\u00f3n de paella cortes\u00eda del Bar Cafeter\u00eda El Rinc\u00f3n de Quino y de pinchos de tortilla cortes\u00eda del Bar Folel\u00e9.<\/p>\n","protected":false},"excerpt":{"rendered":"<p>Con motivo de la celebraci\u00f3n de las Fiestas de Las Nieves, el Ayuntamiento de Har\u00eda organiza la tradicional peregrinaci\u00f3n a la Ermita de Las Nieves este domingo, 5 de agosto.<\/p>\n","protected":false},"author":6,"featured_media":13956,"comment_status":"closed","ping_status":"closed","sticky":false,"template":"","format":"standard","meta":{"footnotes":""},"categories":[15,11],"tags":[],"class_list":["post-14033","post","type-post","status-publish","format-standard","has-post-thumbnail","hentry","category-festejos","category-hoja-de-haria"],"_links":{"self":[{"href":"https:\/\/www.ayuntamientodeharia.com\/haria\/wp-json\/wp\/v2\/posts\/14033","targetHints":{"allow":["GET"]}}],"collection":[{"href":"https:\/\/www.ayuntamientodeharia.com\/haria\/wp-json\/wp\/v2\/posts"}],"about":[{"href":"https:\/\/www.ayuntamientodeharia.com\/haria\/wp-json\/wp\/v2\/types\/post"}],"author":[{"embeddable":true,"href":"https:\/\/www.ayuntamientodeharia.com\/haria\/wp-json\/wp\/v2\/users\/6"}],"replies":[{"embeddable":true,"href":"https:\/\/www.ayuntamientodeharia.com\/haria\/wp-json\/wp\/v2\/comments?post=14033"}],"version-history":[{"count":2,"href":"https:\/\/www.ayuntamientodeharia.com\/haria\/wp-json\/wp\/v2\/posts\/14033\/revisions"}],"predecessor-version":[{"id":14035,"href":"https:\/\/www.ayuntamientodeharia.com\/haria\/wp-json\/wp\/v2\/posts\/14033\/revisions\/14035"}],"wp:featuredmedia":[{"embeddable":true,"href":"https:\/\/www.ayuntamientodeharia.com\/haria\/wp-json\/wp\/v2\/media\/13956"}],"wp:attachment":[{"href":"https:\/\/www.ayuntamientodeharia.com\/haria\/wp-json\/wp\/v2\/media?parent=14033"}],"wp:term":[{"taxonomy":"category","embeddable":true,"href":"https:\/\/www.ayuntamientodeharia.com\/haria\/wp-json\/wp\/v2\/categories?post=14033"},{"taxonomy":"post_tag","embeddable":true,"href":"https:\/\/www.ayuntamientodeharia.com\/haria\/wp-json\/wp\/v2\/tags?post=14033"}],"curies":[{"name":"wp","href":"https:\/\/api.w.org\/{rel}","templated":true}]}}