{"id":13958,"date":"2018-07-27T19:43:17","date_gmt":"2018-07-27T19:43:17","guid":{"rendered":"http:\/\/www.ayuntamientodeharia.com\/haria\/?p=13958"},"modified":"2018-07-31T08:48:10","modified_gmt":"2018-07-31T08:48:10","slug":"la-obra-del-instituto-de-haria-a-buen-ritmo","status":"publish","type":"post","link":"https:\/\/www.ayuntamientodeharia.com\/haria\/la-obra-del-instituto-de-haria-a-buen-ritmo\/","title":{"rendered":"La obra del instituto de Har\u00eda, a buen ritmo"},"content":{"rendered":"<p>El alcalde, Marci Acu\u00f1a, visit\u00f3 recientemente las obras del nuevo instituto de Educaci\u00f3n Secundaria del municipio, que marchan a buen ritmo.<\/p>\n<p><!--more--><\/p>\n<p>Los trabajos, que ejecuta la empresa COMSA, se iniciaron a finales de 2016 con un plazo de ejecuci\u00f3n 22 de meses y un presupuesto de 4,9 millones de euros. Para el primer semestre de este a\u00f1o estaban ya finalizados dos de los tres edificios del centro.<\/p>\n<p>El primer edil norte\u00f1o recuerda que \u201cesta es una vieja demanda del municipio en materia educativa, vital para el futuro de nuestros ni\u00f1os\u201d, confiando en que las obras puedan acabar incluso antes de lo previsto.<\/p>\n<p><a href=\"http:\/\/www.ayuntamientodeharia.com\/haria\/wp-content\/uploads\/2018\/07\/Instituto-Har\u00eda-3.jpg\"><img decoding=\"async\" class=\"alignleft size-thumbnail wp-image-13964\" src=\"http:\/\/www.ayuntamientodeharia.com\/haria\/wp-content\/uploads\/2018\/07\/Instituto-Har\u00eda-3-150x150.jpg\" alt=\"Instituto Har\u00eda (3)\" width=\"150\" height=\"150\" \/><\/a> <a href=\"http:\/\/www.ayuntamientodeharia.com\/haria\/wp-content\/uploads\/2018\/07\/Instituto-Har\u00eda-4.jpg\"><img decoding=\"async\" class=\"alignleft size-thumbnail wp-image-13962\" src=\"http:\/\/www.ayuntamientodeharia.com\/haria\/wp-content\/uploads\/2018\/07\/Instituto-Har\u00eda-4-150x150.jpg\" alt=\"Instituto Har\u00eda (4)\" width=\"150\" height=\"150\" \/><\/a> <a href=\"http:\/\/www.ayuntamientodeharia.com\/haria\/wp-content\/uploads\/2018\/07\/Instituto-Har\u00eda-1.jpg\"><img decoding=\"async\" class=\"alignleft size-thumbnail wp-image-13960\" src=\"http:\/\/www.ayuntamientodeharia.com\/haria\/wp-content\/uploads\/2018\/07\/Instituto-Har\u00eda-1-150x150.jpg\" alt=\"Instituto Har\u00eda (1)\" width=\"150\" height=\"150\" \/><\/a><\/p>\n","protected":false},"excerpt":{"rendered":"<p>El alcalde, Marci Acu\u00f1a, visit\u00f3 recientemente las obras del nuevo instituto de Educaci\u00f3n Secundaria del municipio, que marchan a buen ritmo.<\/p>\n","protected":false},"author":7,"featured_media":13961,"comment_status":"closed","ping_status":"closed","sticky":false,"template":"","format":"standard","meta":{"footnotes":""},"categories":[19,11,23],"tags":[],"class_list":["post-13958","post","type-post","status-publish","format-standard","has-post-thumbnail","hentry","category-formacion","category-hoja-de-haria","category-obras-y-servicios"],"_links":{"self":[{"href":"https:\/\/www.ayuntamientodeharia.com\/haria\/wp-json\/wp\/v2\/posts\/13958","targetHints":{"allow":["GET"]}}],"collection":[{"href":"https:\/\/www.ayuntamientodeharia.com\/haria\/wp-json\/wp\/v2\/posts"}],"about":[{"href":"https:\/\/www.ayuntamientodeharia.com\/haria\/wp-json\/wp\/v2\/types\/post"}],"author":[{"embeddable":true,"href":"https:\/\/www.ayuntamientodeharia.com\/haria\/wp-json\/wp\/v2\/users\/7"}],"replies":[{"embeddable":true,"href":"https:\/\/www.ayuntamientodeharia.com\/haria\/wp-json\/wp\/v2\/comments?post=13958"}],"version-history":[{"count":4,"href":"https:\/\/www.ayuntamientodeharia.com\/haria\/wp-json\/wp\/v2\/posts\/13958\/revisions"}],"predecessor-version":[{"id":13985,"href":"https:\/\/www.ayuntamientodeharia.com\/haria\/wp-json\/wp\/v2\/posts\/13958\/revisions\/13985"}],"wp:featuredmedia":[{"embeddable":true,"href":"https:\/\/www.ayuntamientodeharia.com\/haria\/wp-json\/wp\/v2\/media\/13961"}],"wp:attachment":[{"href":"https:\/\/www.ayuntamientodeharia.com\/haria\/wp-json\/wp\/v2\/media?parent=13958"}],"wp:term":[{"taxonomy":"category","embeddable":true,"href":"https:\/\/www.ayuntamientodeharia.com\/haria\/wp-json\/wp\/v2\/categories?post=13958"},{"taxonomy":"post_tag","embeddable":true,"href":"https:\/\/www.ayuntamientodeharia.com\/haria\/wp-json\/wp\/v2\/tags?post=13958"}],"curies":[{"name":"wp","href":"https:\/\/api.w.org\/{rel}","templated":true}]}}