{"id":13915,"date":"2018-07-20T14:58:45","date_gmt":"2018-07-20T14:58:45","guid":{"rendered":"http:\/\/www.ayuntamientodeharia.com\/haria\/?p=13915"},"modified":"2018-07-30T11:24:24","modified_gmt":"2018-07-30T11:24:24","slug":"elisabet-socas-se-incorpora-al-grupo-de-gobierno-del-ayuntamiento-de-haria","status":"publish","type":"post","link":"https:\/\/www.ayuntamientodeharia.com\/haria\/elisabet-socas-se-incorpora-al-grupo-de-gobierno-del-ayuntamiento-de-haria\/","title":{"rendered":"Elisabet Socas se incorpora al grupo de gobierno del Ayuntamiento de Har\u00eda"},"content":{"rendered":"<p>La concejala del Grupo Mixto Elisabet Socas Meli\u00e1n se incorpora al grupo de gobierno del Ayuntamiento de Har\u00eda, recogiendo as\u00ed la invitaci\u00f3n realizada para participar de forma activa en la gesti\u00f3n de la Corporaci\u00f3n municipal en lo que resta de mandato.<\/p>\n<p><!--more--><\/p>\n<p>&nbsp;<\/p>\n<p>Seg\u00fan el decreto firmado en la ma\u00f1ana de este viernes, la edil tendr\u00e1 asignadas las \u00e1reas de Juventud y Participaci\u00f3n Ciudadana, que hasta ahora ostentaban Soraya Brito y Mar\u00eda Auxiliadora Fern\u00e1ndez.<\/p>\n<p>&nbsp;<\/p>\n<p>Igualmente, el pleno de Har\u00eda dio cuenta hoy de la dimisi\u00f3n de la concejala Rosa P\u00e9rez Betancor, tambi\u00e9n del Grupo Mixto, motivada en cuestiones estrictamente personales.<\/p>\n<p>&nbsp;<\/p>\n<p>Desde el Ayuntamiento norte\u00f1o se quiere reconocer su trayectoria durante el anterior mandato y el actual, dese\u00e1ndole todo tipo de \u00e9xitos en esta nueva andadura personal y profesional. Su lugar ser\u00e1 ocupado por el siguiente en la lista electoral, Alejandro Hern\u00e1ndez Perdomo.<\/p>\n","protected":false},"excerpt":{"rendered":"<p>La concejala del Grupo Mixto Elisabet Socas Meli\u00e1n se incorpora al grupo de gobierno del Ayuntamiento de Har\u00eda, recogiendo as\u00ed la invitaci\u00f3n realizada para participar de forma activa en la gesti\u00f3n de la Corporaci\u00f3n municipal en lo que resta de mandato.<\/p>\n","protected":false},"author":7,"featured_media":13925,"comment_status":"closed","ping_status":"closed","sticky":false,"template":"","format":"standard","meta":{"footnotes":""},"categories":[11,25,111],"tags":[],"class_list":["post-13915","post","type-post","status-publish","format-standard","has-post-thumbnail","hentry","category-hoja-de-haria","category-juventud","category-participacion-ciudadana"],"_links":{"self":[{"href":"https:\/\/www.ayuntamientodeharia.com\/haria\/wp-json\/wp\/v2\/posts\/13915","targetHints":{"allow":["GET"]}}],"collection":[{"href":"https:\/\/www.ayuntamientodeharia.com\/haria\/wp-json\/wp\/v2\/posts"}],"about":[{"href":"https:\/\/www.ayuntamientodeharia.com\/haria\/wp-json\/wp\/v2\/types\/post"}],"author":[{"embeddable":true,"href":"https:\/\/www.ayuntamientodeharia.com\/haria\/wp-json\/wp\/v2\/users\/7"}],"replies":[{"embeddable":true,"href":"https:\/\/www.ayuntamientodeharia.com\/haria\/wp-json\/wp\/v2\/comments?post=13915"}],"version-history":[{"count":3,"href":"https:\/\/www.ayuntamientodeharia.com\/haria\/wp-json\/wp\/v2\/posts\/13915\/revisions"}],"predecessor-version":[{"id":13926,"href":"https:\/\/www.ayuntamientodeharia.com\/haria\/wp-json\/wp\/v2\/posts\/13915\/revisions\/13926"}],"wp:featuredmedia":[{"embeddable":true,"href":"https:\/\/www.ayuntamientodeharia.com\/haria\/wp-json\/wp\/v2\/media\/13925"}],"wp:attachment":[{"href":"https:\/\/www.ayuntamientodeharia.com\/haria\/wp-json\/wp\/v2\/media?parent=13915"}],"wp:term":[{"taxonomy":"category","embeddable":true,"href":"https:\/\/www.ayuntamientodeharia.com\/haria\/wp-json\/wp\/v2\/categories?post=13915"},{"taxonomy":"post_tag","embeddable":true,"href":"https:\/\/www.ayuntamientodeharia.com\/haria\/wp-json\/wp\/v2\/tags?post=13915"}],"curies":[{"name":"wp","href":"https:\/\/api.w.org\/{rel}","templated":true}]}}