{"id":13902,"date":"2018-07-20T13:29:02","date_gmt":"2018-07-20T13:29:02","guid":{"rendered":"http:\/\/www.ayuntamientodeharia.com\/haria\/?p=13902"},"modified":"2018-07-20T13:31:59","modified_gmt":"2018-07-20T13:31:59","slug":"agradecimiento-a-la-presidenta-del-cl-union-norte","status":"publish","type":"post","link":"https:\/\/www.ayuntamientodeharia.com\/haria\/agradecimiento-a-la-presidenta-del-cl-union-norte\/","title":{"rendered":"Agradecimiento a la presidenta del CL Uni\u00f3n Norte"},"content":{"rendered":"<p><span style=\"font-weight: 400;\"><a href=\"http:\/\/www.ayuntamientodeharia.com\/haria\/wp-content\/uploads\/2018\/07\/Marci-Acu\u00f1a-y-Rosa-P\u00e9rez.jpg\"><img decoding=\"async\" class=\"alignleft size-thumbnail wp-image-13903\" src=\"http:\/\/www.ayuntamientodeharia.com\/haria\/wp-content\/uploads\/2018\/07\/Marci-Acu\u00f1a-y-Rosa-P\u00e9rez-150x150.jpg\" alt=\"Marci Acu\u00f1a y Rosa P\u00e9rez\" width=\"150\" height=\"150\" \/><\/a>El alcalde, Marci Acu\u00f1a, quiere agradecer, en nombre del Ayuntamiento de Har\u00eda, a la junta directiva saliente de Club de Lucha Uni\u00f3n Norte y en especial a la figura de su presidencia, Rosa Mar\u00eda P\u00e9rez Bentacort, su incansable labor durante m\u00e1s de una d\u00e9cada en defensa de nuestra historia e idiosincrasia. <\/span><\/p>\n<p><!--more--><\/p>\n<p>&nbsp;<\/p>\n<p><span style=\"font-weight: 400;\">Su labor altruista, hasta este momento que pone fin a su mandato, ha sido reconocida por los innumerables \u00e9xitos deportivos cosechados. Provocados por una gesti\u00f3n rigurosa que ha permitido blindar el futuro del club, para que nuestro municipio siga disfrutando de nuestro deporte vern\u00e1culo con garant\u00edas; as\u00ed como la herencia dejada en el apartado cultural que desde club ha llevado a cabo.\u00a0<\/span><\/p>\n<p>&nbsp;<\/p>\n<p><span style=\"font-weight: 400;\"><br \/>\n<\/span><span style=\"font-weight: 400;\">Por todo ello, es obligaci\u00f3n reconocer la tarea ardua, y en muchas ocasiones ingrata, de llevar el peso de una entidad legendaria en nuestro municipio. En definitiva, gracias por tanto y por haber sido parte de la historia viva de nuestro deporte. La Lucha Canaria y nuestro municipio te estar\u00e1n eternamente agradecidos.<\/span><\/p>\n","protected":false},"excerpt":{"rendered":"<p>El alcalde, Marci Acu\u00f1a, quiere agradecer, en nombre del Ayuntamiento de Har\u00eda, a la junta directiva saliente de Club de Lucha Uni\u00f3n Norte y en especial a la figura de su presidencia, Rosa Mar\u00eda P\u00e9rez Bentacort, su incansable labor durante m\u00e1s de una d\u00e9cada en defensa de nuestra historia e idiosincrasia.<\/p>\n","protected":false},"author":9,"featured_media":0,"comment_status":"closed","ping_status":"closed","sticky":false,"template":"","format":"standard","meta":{"footnotes":""},"categories":[17,11],"tags":[],"class_list":["post-13902","post","type-post","status-publish","format-standard","hentry","category-deportes","category-hoja-de-haria"],"_links":{"self":[{"href":"https:\/\/www.ayuntamientodeharia.com\/haria\/wp-json\/wp\/v2\/posts\/13902","targetHints":{"allow":["GET"]}}],"collection":[{"href":"https:\/\/www.ayuntamientodeharia.com\/haria\/wp-json\/wp\/v2\/posts"}],"about":[{"href":"https:\/\/www.ayuntamientodeharia.com\/haria\/wp-json\/wp\/v2\/types\/post"}],"author":[{"embeddable":true,"href":"https:\/\/www.ayuntamientodeharia.com\/haria\/wp-json\/wp\/v2\/users\/9"}],"replies":[{"embeddable":true,"href":"https:\/\/www.ayuntamientodeharia.com\/haria\/wp-json\/wp\/v2\/comments?post=13902"}],"version-history":[{"count":2,"href":"https:\/\/www.ayuntamientodeharia.com\/haria\/wp-json\/wp\/v2\/posts\/13902\/revisions"}],"predecessor-version":[{"id":13905,"href":"https:\/\/www.ayuntamientodeharia.com\/haria\/wp-json\/wp\/v2\/posts\/13902\/revisions\/13905"}],"wp:attachment":[{"href":"https:\/\/www.ayuntamientodeharia.com\/haria\/wp-json\/wp\/v2\/media?parent=13902"}],"wp:term":[{"taxonomy":"category","embeddable":true,"href":"https:\/\/www.ayuntamientodeharia.com\/haria\/wp-json\/wp\/v2\/categories?post=13902"},{"taxonomy":"post_tag","embeddable":true,"href":"https:\/\/www.ayuntamientodeharia.com\/haria\/wp-json\/wp\/v2\/tags?post=13902"}],"curies":[{"name":"wp","href":"https:\/\/api.w.org\/{rel}","templated":true}]}}