{"id":13893,"date":"2018-07-20T13:19:43","date_gmt":"2018-07-20T13:19:43","guid":{"rendered":"http:\/\/www.ayuntamientodeharia.com\/haria\/?p=13893"},"modified":"2018-07-20T14:23:51","modified_gmt":"2018-07-20T14:23:51","slug":"excursion-de-los-mayores-a-puerto-calero","status":"publish","type":"post","link":"https:\/\/www.ayuntamientodeharia.com\/haria\/excursion-de-los-mayores-a-puerto-calero\/","title":{"rendered":"Excursi\u00f3n de los mayores a Puerto Calero"},"content":{"rendered":"<p><span style=\"font-weight: 400;\">La presidenta de la Asociaci\u00f3n de la tercera edad Palmeral del Norte, Mar\u00eda de los \u00c1ngeles Perdomo, comunica a los socios que realizar\u00e1n una excursi\u00f3n el 10 de agosto al mercadillo de Puerto Calero. A continuaci\u00f3n almorzar\u00e1n en el restaurante de Los Dolores en Mancha Blanca, donde disfrutar\u00e1n de m\u00fasica y sorteos.<\/span><\/p>\n<p><span style=\"font-weight: 400;\">\u00a0<\/span><!--more--><\/p>\n<p><span style=\"font-weight: 400;\">Se pondr\u00e1 a disposici\u00f3n de los asistentes una guagua que los recoger\u00e1 a las 10:00 horas, en las paradas habituales.<\/span><\/p>\n<p><span style=\"font-weight: 400;\">\u00a0<\/span><\/p>\n<p><span style=\"font-weight: 400;\">Los socios interesados en disfrutar de un d\u00eda diferente deber\u00e1n realizar la inscripci\u00f3n, del 24 de julio al 7 de agosto, de 08:00 a 14:00 horas, en el Centro de la Tercera Edad, o llamando al 928 835 633. En el momento de presentar la inscripci\u00f3n deber\u00e1n facilitar su n\u00famero de socio y abonar 12 euros. <\/span><\/p>\n","protected":false},"excerpt":{"rendered":"<p>La presidenta de la Asociaci\u00f3n de la tercera edad Palmeral del Norte, Mar\u00eda de los \u00c1ngeles Perdomo, comunica a los socios que realizar\u00e1n una excursi\u00f3n el 10 de agosto al mercadillo de Puerto Calero. A continuaci\u00f3n almorzar\u00e1n en el restaurante de Los Dolores en Mancha Blanca, donde disfrutar\u00e1n de m\u00fasica y sorteos. \u00a0<\/p>\n","protected":false},"author":9,"featured_media":13894,"comment_status":"closed","ping_status":"closed","sticky":false,"template":"","format":"standard","meta":{"footnotes":""},"categories":[11,61],"tags":[],"class_list":["post-13893","post","type-post","status-publish","format-standard","has-post-thumbnail","hentry","category-hoja-de-haria","category-tercera-edad"],"_links":{"self":[{"href":"https:\/\/www.ayuntamientodeharia.com\/haria\/wp-json\/wp\/v2\/posts\/13893","targetHints":{"allow":["GET"]}}],"collection":[{"href":"https:\/\/www.ayuntamientodeharia.com\/haria\/wp-json\/wp\/v2\/posts"}],"about":[{"href":"https:\/\/www.ayuntamientodeharia.com\/haria\/wp-json\/wp\/v2\/types\/post"}],"author":[{"embeddable":true,"href":"https:\/\/www.ayuntamientodeharia.com\/haria\/wp-json\/wp\/v2\/users\/9"}],"replies":[{"embeddable":true,"href":"https:\/\/www.ayuntamientodeharia.com\/haria\/wp-json\/wp\/v2\/comments?post=13893"}],"version-history":[{"count":1,"href":"https:\/\/www.ayuntamientodeharia.com\/haria\/wp-json\/wp\/v2\/posts\/13893\/revisions"}],"predecessor-version":[{"id":13895,"href":"https:\/\/www.ayuntamientodeharia.com\/haria\/wp-json\/wp\/v2\/posts\/13893\/revisions\/13895"}],"wp:featuredmedia":[{"embeddable":true,"href":"https:\/\/www.ayuntamientodeharia.com\/haria\/wp-json\/wp\/v2\/media\/13894"}],"wp:attachment":[{"href":"https:\/\/www.ayuntamientodeharia.com\/haria\/wp-json\/wp\/v2\/media?parent=13893"}],"wp:term":[{"taxonomy":"category","embeddable":true,"href":"https:\/\/www.ayuntamientodeharia.com\/haria\/wp-json\/wp\/v2\/categories?post=13893"},{"taxonomy":"post_tag","embeddable":true,"href":"https:\/\/www.ayuntamientodeharia.com\/haria\/wp-json\/wp\/v2\/tags?post=13893"}],"curies":[{"name":"wp","href":"https:\/\/api.w.org\/{rel}","templated":true}]}}