{"id":13882,"date":"2018-07-20T13:08:57","date_gmt":"2018-07-20T13:08:57","guid":{"rendered":"http:\/\/www.ayuntamientodeharia.com\/haria\/?p=13882"},"modified":"2018-07-20T14:23:52","modified_gmt":"2018-07-20T14:23:52","slug":"vii-convocatoria-de-becas-de-la-asociacion-mercedes-medina-diaz","status":"publish","type":"post","link":"https:\/\/www.ayuntamientodeharia.com\/haria\/vii-convocatoria-de-becas-de-la-asociacion-mercedes-medina-diaz\/","title":{"rendered":"VII Convocatoria de Becas de la Asociaci\u00f3n Mercedes Medina D\u00edaz"},"content":{"rendered":"<p><span style=\"font-weight: 400;\">La Concejal\u00eda de Educaci\u00f3n, que coordina Jos\u00e9 P\u00e9rez Dorta, comunica que la Asociaci\u00f3n Mercedes Medina D\u00edaz, de acuerdo con sus objetivos fundacionales y estatutos, convoca las becas para estudiantes universitarios de la isla de Lanzarote para el curso acad\u00e9mico 2018-2019.<\/span><\/p>\n<p><!--more--><\/p>\n<p>&nbsp;<\/p>\n<p><span style=\"font-weight: 400;\">Podr\u00e1n optar a la beca alumnos de la isla de Lanzarote con dificultades extremas y con buen expediente acad\u00e9mico que est\u00e9n matriculados en centros espa\u00f1oles y que opten al egreso de t\u00edtulos oficiales de Grado. En la presente edici\u00f3n se convocan dos becas con car\u00e1cter general y una espec\u00edfica para un exalumno del antiguo CEIP Mercedes Medina D\u00edaz, actual IES en Altavista, que haya superado el 2\u00ba de Bachillerato en el curso 2017- 2018, y desee iniciar estudios universitarios.<\/span><\/p>\n<p>&nbsp;<\/p>\n<p><span style=\"font-weight: 400;\">La duraci\u00f3n de la beca ser\u00e1 de un a\u00f1o, por una cuant\u00eda total de 2.700 euros, y recibir\u00e1n la misma en nueve mensualidades de 300 euros cada una, a partir de septiembre.<\/span><\/p>\n<p>&nbsp;<\/p>\n<p><span style=\"font-weight: 400;\">Todos los interesados deber\u00e1n entregar la documentaci\u00f3n en el plazo comprendido entre el viernes, 13 de julio, y el viernes, 17 de agosto, (martes y jueves, de 10:00 a 12:00 horas). El fallo del jurado se dar\u00e1 a conocer el viernes, 31 de agosto.<\/span><\/p>\n","protected":false},"excerpt":{"rendered":"<p>La Concejal\u00eda de Educaci\u00f3n, que coordina Jos\u00e9 P\u00e9rez Dorta, comunica que la Asociaci\u00f3n Mercedes Medina D\u00edaz, de acuerdo con sus objetivos fundacionales y estatutos, convoca las becas para estudiantes universitarios de la isla de Lanzarote para el curso acad\u00e9mico 2018-2019.<\/p>\n","protected":false},"author":9,"featured_media":13885,"comment_status":"closed","ping_status":"closed","sticky":false,"template":"","format":"standard","meta":{"footnotes":""},"categories":[174,11],"tags":[],"class_list":["post-13882","post","type-post","status-publish","format-standard","has-post-thumbnail","hentry","category-ayudas-y-subvenciones","category-hoja-de-haria"],"_links":{"self":[{"href":"https:\/\/www.ayuntamientodeharia.com\/haria\/wp-json\/wp\/v2\/posts\/13882","targetHints":{"allow":["GET"]}}],"collection":[{"href":"https:\/\/www.ayuntamientodeharia.com\/haria\/wp-json\/wp\/v2\/posts"}],"about":[{"href":"https:\/\/www.ayuntamientodeharia.com\/haria\/wp-json\/wp\/v2\/types\/post"}],"author":[{"embeddable":true,"href":"https:\/\/www.ayuntamientodeharia.com\/haria\/wp-json\/wp\/v2\/users\/9"}],"replies":[{"embeddable":true,"href":"https:\/\/www.ayuntamientodeharia.com\/haria\/wp-json\/wp\/v2\/comments?post=13882"}],"version-history":[{"count":2,"href":"https:\/\/www.ayuntamientodeharia.com\/haria\/wp-json\/wp\/v2\/posts\/13882\/revisions"}],"predecessor-version":[{"id":13889,"href":"https:\/\/www.ayuntamientodeharia.com\/haria\/wp-json\/wp\/v2\/posts\/13882\/revisions\/13889"}],"wp:featuredmedia":[{"embeddable":true,"href":"https:\/\/www.ayuntamientodeharia.com\/haria\/wp-json\/wp\/v2\/media\/13885"}],"wp:attachment":[{"href":"https:\/\/www.ayuntamientodeharia.com\/haria\/wp-json\/wp\/v2\/media?parent=13882"}],"wp:term":[{"taxonomy":"category","embeddable":true,"href":"https:\/\/www.ayuntamientodeharia.com\/haria\/wp-json\/wp\/v2\/categories?post=13882"},{"taxonomy":"post_tag","embeddable":true,"href":"https:\/\/www.ayuntamientodeharia.com\/haria\/wp-json\/wp\/v2\/tags?post=13882"}],"curies":[{"name":"wp","href":"https:\/\/api.w.org\/{rel}","templated":true}]}}