{"id":13872,"date":"2018-07-20T12:44:22","date_gmt":"2018-07-20T12:44:22","guid":{"rendered":"http:\/\/www.ayuntamientodeharia.com\/haria\/?p=13872"},"modified":"2018-07-20T14:23:52","modified_gmt":"2018-07-20T14:23:52","slug":"pinceladas-en-torno-al-antiguo-termino-de-malpais-de-haria","status":"publish","type":"post","link":"https:\/\/www.ayuntamientodeharia.com\/haria\/pinceladas-en-torno-al-antiguo-termino-de-malpais-de-haria\/","title":{"rendered":"Balc\u00f3n de Har\u00eda. Por Gregorio Barreto Vi\u00f1oly Cronista oficial del municipio de Har\u00eda"},"content":{"rendered":"<p><a href=\"http:\/\/www.ayuntamientodeharia.com\/haria\/wp-content\/uploads\/2018\/04\/Gregorio-Barreto.jpg\"><img decoding=\"async\" class=\"alignleft size-thumbnail wp-image-11955\" src=\"http:\/\/www.ayuntamientodeharia.com\/haria\/wp-content\/uploads\/2018\/04\/Gregorio-Barreto-150x150.jpg\" alt=\"Gregorio Barreto\" width=\"150\" height=\"150\" \/><\/a><strong>Pinceladas en torno al antiguo t\u00e9rmino de Malpa\u00eds de Har\u00eda<\/strong><\/p>\n<p>&nbsp;<br \/>\n<span style=\"font-weight: 400;\">Mucho se ha escrito, se ha hablado, se ha discutido y se ha recordado, respecto al denominado t\u00e9rmino de Malpais, que luego se fue transformando en Predio de Malpais, T\u00e9rmino de Las Cuevas y otras denominaciones, pero hay que pensar que m\u00e1s antiguamente este cuerpo r\u00fastico de origen volc\u00e1nico se fue formando en base a muchas ventas o transacciones, y por otra parte el abandono total, <\/span><\/p>\n<p><!--more--><\/p>\n<p>en las que no falt\u00f3 el inter\u00e9s de algunos poderosos por hacerse incluso con la propiedad de la finca, porque hay que partir de un abandono completo de la propiedad, que se sabe que tuvo varios due\u00f1os particulares, pero que fueron avanzando con malicia, y se sabe que hubo varios litigios o pleitos por ello y algunas ventas respecto a la propiedad de estos terrenos.<\/p>\n<p>&nbsp;<\/p>\n<p><span style=\"font-weight: 400;\">Resulta que estando de alcalde Don Domingo L\u00f3pez Fontes, en el a\u00f1o de 1904, el Ayuntamiento o Casa Consistorial, que se hallaba ubicado precisamente en el entorno de su casa-vivienda, en la Calle Le\u00f3n y Castillo, donde luego se instalara por el cura p\u00e1rroco Don Jos\u00e9 Lavandera L\u00f3pez el denominado Museo de Arte Sacro, en la esquina con el Callej\u00f3n de Don Andr\u00e9s Curbelo Guerra, que fue alcalde, cuyo nombre viene porque vivi\u00f3 por all\u00ed, se produjo un incendio quemando totalmente el archivo municipal.<\/span><\/p>\n<p>&nbsp;<\/p>\n<p><span style=\"font-weight: 400;\">Como se dijo anteriormente, con la quema del archivo municipal enseguida surgi\u00f3 a nivel de Ayuntamiento la idea de vender una peque\u00f1a parte de la finca o t\u00e9rmino de Malpais, para con el dinero hacer un edificio propio de Casa Consistorial y su Juzgado Municipal, y adem\u00e1s la construcci\u00f3n de alguna escuela, puesto que la Casa Consistorial se instalaba entonces en casa del alcalde de turno y hab\u00eda que mejorar esta situaci\u00f3n, pero eso no se pod\u00eda hacer de una forma r\u00e1pida y directa, porque los terrenos estaban calificados como bienes comunales, que no se pod\u00edan vender si antes no se tramitaban los oportunos expedientes, cuyos tr\u00e1mites se llevaron a cabo y la propiedad se empez\u00f3 a vender en lotes.<\/span><\/p>\n<p>&nbsp;<\/p>\n<p><span style=\"font-weight: 400;\">El t\u00e9rmino de Malpais ten\u00eda entonces una capacidad superficial de 2.000 hect\u00e1reas y solo se vendi\u00f3 una peque\u00f1a porci\u00f3n. De las ventas y acoples que se hicieron, el que fuera alcalde mucho antes se qued\u00f3 con una porci\u00f3n de terreno de unas 100 hect\u00e1reas, y a esta porci\u00f3n se le llam\u00f3 Los Lajares, con dos importantes bodegas, construyendo Don Domingo L\u00f3pez Fontes un edificio muy bonito en su parte, que fue denominado con el nombre de La Torrecilla, con la casa, la bodega y diversas dependencias, que se conoc\u00eda con otros nombres agregados como La Torrecilla de Domingo y otros, cuya construcci\u00f3n se llev\u00f3 a cabo por Don Domingo en los a\u00f1os de 1920.<\/span><\/p>\n<p>&nbsp;<\/p>\n<p><span style=\"font-weight: 400;\">Entonces, en aquellos a\u00f1os de 1920, no hab\u00eda carretera para ir a \u00d3rzola y el Ayuntamiento hizo un camino estrecho llamado Vereda de \u00d3rzola, que part\u00eda con una derivaci\u00f3n desde el comienzo desde el camino que conduc\u00eda al pueblo de Ye, que conten\u00eda una curva famosa llamada Curva de Candales, que tom\u00f3 el nombre de un secretario que hubo entonces en el Ayuntamiento.<\/span><\/p>\n<p>&nbsp;<\/p>\n<p><span style=\"font-weight: 400;\">Una vez dadas por terminadas las ventas de parcelas, el Ayuntamiento cre\u00f3 precisamente en las cercan\u00edas de la bifurcaci\u00f3n del Camino de Ye y Vereda de \u00d3rzola un espacio de terreno como sobrante de lo proyectado, que fue nominado como Campo de Experiencias y Demostraciones Agr\u00edcolas de Lajares, con unos 30.000 metros cuadrados.<\/span><\/p>\n","protected":false},"excerpt":{"rendered":"<p>Pinceladas en torno al antiguo t\u00e9rmino de Malpa\u00eds de Har\u00eda &nbsp; Mucho se ha escrito, se ha hablado, se ha discutido y se ha recordado, respecto al denominado t\u00e9rmino de Malpais, que luego se fue transformando en Predio de Malpais, T\u00e9rmino de Las Cuevas y otras denominaciones, pero hay que pensar que m\u00e1s antiguamente este [&hellip;]<\/p>\n","protected":false},"author":9,"featured_media":0,"comment_status":"closed","ping_status":"closed","sticky":false,"template":"","format":"standard","meta":{"footnotes":""},"categories":[94,11],"tags":[],"class_list":["post-13872","post","type-post","status-publish","format-standard","hentry","category-balcon-de-haria","category-hoja-de-haria"],"_links":{"self":[{"href":"https:\/\/www.ayuntamientodeharia.com\/haria\/wp-json\/wp\/v2\/posts\/13872","targetHints":{"allow":["GET"]}}],"collection":[{"href":"https:\/\/www.ayuntamientodeharia.com\/haria\/wp-json\/wp\/v2\/posts"}],"about":[{"href":"https:\/\/www.ayuntamientodeharia.com\/haria\/wp-json\/wp\/v2\/types\/post"}],"author":[{"embeddable":true,"href":"https:\/\/www.ayuntamientodeharia.com\/haria\/wp-json\/wp\/v2\/users\/9"}],"replies":[{"embeddable":true,"href":"https:\/\/www.ayuntamientodeharia.com\/haria\/wp-json\/wp\/v2\/comments?post=13872"}],"version-history":[{"count":11,"href":"https:\/\/www.ayuntamientodeharia.com\/haria\/wp-json\/wp\/v2\/posts\/13872\/revisions"}],"predecessor-version":[{"id":13888,"href":"https:\/\/www.ayuntamientodeharia.com\/haria\/wp-json\/wp\/v2\/posts\/13872\/revisions\/13888"}],"wp:attachment":[{"href":"https:\/\/www.ayuntamientodeharia.com\/haria\/wp-json\/wp\/v2\/media?parent=13872"}],"wp:term":[{"taxonomy":"category","embeddable":true,"href":"https:\/\/www.ayuntamientodeharia.com\/haria\/wp-json\/wp\/v2\/categories?post=13872"},{"taxonomy":"post_tag","embeddable":true,"href":"https:\/\/www.ayuntamientodeharia.com\/haria\/wp-json\/wp\/v2\/tags?post=13872"}],"curies":[{"name":"wp","href":"https:\/\/api.w.org\/{rel}","templated":true}]}}