{"id":13790,"date":"2018-07-12T10:15:49","date_gmt":"2018-07-12T10:15:49","guid":{"rendered":"http:\/\/www.ayuntamientodeharia.com\/haria\/?p=13790"},"modified":"2018-07-12T10:15:49","modified_gmt":"2018-07-12T10:15:49","slug":"haria-denuncia-la-falta-de-agua-para-los-agricultores-del-norte-de-la-isla","status":"publish","type":"post","link":"https:\/\/www.ayuntamientodeharia.com\/haria\/haria-denuncia-la-falta-de-agua-para-los-agricultores-del-norte-de-la-isla\/","title":{"rendered":"Har\u00eda denuncia la falta de agua para los agricultores del norte de la Isla"},"content":{"rendered":"<p>El alcalde de Har\u00eda, Marci Acu\u00f1a, y el concejal de Agricultura, Jos\u00e9 P\u00e9rez Dorta, trasladan su preocupaci\u00f3n y malestar por las perdidas econ\u00f3micas que la falta de agua va a suponer para muchos agricultores del norte de la Isla, que han apostado por diversificar la producci\u00f3n introduciendo nuevos cultivos como la pi\u00f1a tropical, la fresa o la pitaya, entre otros.<\/p>\n<p><!--more--><\/p>\n<p>&nbsp;<\/p>\n<p>Y es que los profesionales del sector primario del municipio se sienten ninguneados ante la falta de abastecimiento de agua agr\u00edcola en la zona desde hace m\u00e1s de cinco semanas y la nula respuesta por parte de la empresa suministradora, Canal Gesti\u00f3n Lanzarote.<\/p>\n<p>&nbsp;<\/p>\n<p>\u201cCon la llegada del verano, el municipio de Har\u00eda ha sufrido tradicionalmente cortes reiterados en el suministro de agua agr\u00edcola, pero no tan continuados como este a\u00f1o\u201d, ha declarado el primer edil, quien a\u00f1ade que \u201cllevamos a\u00f1os solicitando a Canal Gesti\u00f3n Lanzarote que gestione mejor el reparto del agua, pero no hemos visto que se hayan tomado medidas al respecto\u201d.<\/p>\n<p>&nbsp;<\/p>\n<p>\u201cHar\u00eda ha apostado por un desarrollo econ\u00f3mico sostenible donde la recuperaci\u00f3n de las zonas de cultivo y la diversificaci\u00f3n de la producci\u00f3n agr\u00edcola son claves para revitalizar el paisaje del norte de Lanzarote\u201d, afirma P\u00e9rez Dorta. \u201cEn este sentido debemos apoyar a los agricultores que est\u00e1n realizando un gran sacrificio para conservar y mantener el paisaje agr\u00edcola norte\u00f1o\u201d, apostilla.    \t<\/p>\n","protected":false},"excerpt":{"rendered":"<p>El alcalde de Har\u00eda, Marci Acu\u00f1a, y el concejal de Agricultura, Jos\u00e9 P\u00e9rez Dorta, trasladan su preocupaci\u00f3n y malestar por las perdidas econ\u00f3micas que la falta de agua va a suponer para muchos agricultores del norte de la Isla, que han apostado por diversificar la producci\u00f3n introduciendo nuevos cultivos como la pi\u00f1a tropical, la fresa [&hellip;]<\/p>\n","protected":false},"author":7,"featured_media":7690,"comment_status":"closed","ping_status":"closed","sticky":false,"template":"","format":"standard","meta":{"footnotes":""},"categories":[20,11,81],"tags":[],"class_list":["post-13790","post","type-post","status-publish","format-standard","has-post-thumbnail","hentry","category-agricultura","category-hoja-de-haria","category-municipio"],"_links":{"self":[{"href":"https:\/\/www.ayuntamientodeharia.com\/haria\/wp-json\/wp\/v2\/posts\/13790","targetHints":{"allow":["GET"]}}],"collection":[{"href":"https:\/\/www.ayuntamientodeharia.com\/haria\/wp-json\/wp\/v2\/posts"}],"about":[{"href":"https:\/\/www.ayuntamientodeharia.com\/haria\/wp-json\/wp\/v2\/types\/post"}],"author":[{"embeddable":true,"href":"https:\/\/www.ayuntamientodeharia.com\/haria\/wp-json\/wp\/v2\/users\/7"}],"replies":[{"embeddable":true,"href":"https:\/\/www.ayuntamientodeharia.com\/haria\/wp-json\/wp\/v2\/comments?post=13790"}],"version-history":[{"count":0,"href":"https:\/\/www.ayuntamientodeharia.com\/haria\/wp-json\/wp\/v2\/posts\/13790\/revisions"}],"wp:featuredmedia":[{"embeddable":true,"href":"https:\/\/www.ayuntamientodeharia.com\/haria\/wp-json\/wp\/v2\/media\/7690"}],"wp:attachment":[{"href":"https:\/\/www.ayuntamientodeharia.com\/haria\/wp-json\/wp\/v2\/media?parent=13790"}],"wp:term":[{"taxonomy":"category","embeddable":true,"href":"https:\/\/www.ayuntamientodeharia.com\/haria\/wp-json\/wp\/v2\/categories?post=13790"},{"taxonomy":"post_tag","embeddable":true,"href":"https:\/\/www.ayuntamientodeharia.com\/haria\/wp-json\/wp\/v2\/tags?post=13790"}],"curies":[{"name":"wp","href":"https:\/\/api.w.org\/{rel}","templated":true}]}}