{"id":1371,"date":"2015-04-17T08:23:09","date_gmt":"2015-04-17T08:23:09","guid":{"rendered":"http:\/\/www.ayuntamientodeharia.com\/haria\/?p=1371"},"modified":"2015-04-17T08:23:26","modified_gmt":"2015-04-17T08:23:26","slug":"los-propietarios-de-viviendas-en-alquiler-del-municipio-ya-pueden-inscribirlas-en-la-web-de-la-haria-extreme","status":"publish","type":"post","link":"https:\/\/www.ayuntamientodeharia.com\/haria\/los-propietarios-de-viviendas-en-alquiler-del-municipio-ya-pueden-inscribirlas-en-la-web-de-la-haria-extreme\/","title":{"rendered":"Los propietarios de viviendas en alquiler del municipio ya pueden inscribirlas en la web de la \u2018Har\u00eda Extreme\u2019"},"content":{"rendered":"<p><a href=\"http:\/\/www.ayuntamientodeharia.com\/haria\/wp-content\/uploads\/2015\/04\/hoja_746_hx.jpg\"><img decoding=\"async\" class=\"alignleft  wp-image-1341\" src=\"http:\/\/www.ayuntamientodeharia.com\/haria\/wp-content\/uploads\/2015\/04\/hoja_746_hx-300x198.jpg\" alt=\"hoja_746_hx\" width=\"245\" height=\"165\" \/><\/a>El Ayuntamiento de Har\u00eda ha comenzado los preparativos para que la celebraci\u00f3n de la V edici\u00f3n de la carrera por monta\u00f1a \u2018Har\u00eda Extreme\u2019, el 15 de agosto, se convierta no solo en un referente deportivo de trascendencia nacional e internacional, sino tambi\u00e9n organizativo, al facilitar a los corredores toda la informaci\u00f3n necesaria para que su desplazamiento y estancia sean lo m\u00e1s c\u00f3modas posible.<\/p>\n<p>&nbsp;<\/p>\n<p>Son numerosos los deportistas que se trasladar\u00e1n con sus familias al pueblo de Har\u00eda para participar en este destacado evento, por lo que se hace necesario contar con una base de datos actualizada donde se recojan la viviendas en alquiler que est\u00e9n disponibles entre el 10 y el 16 de agosto, aproximadamente.<\/p>\n<p><!--more--><\/p>\n<p>Los vecinos del municipio de Har\u00eda interesados en alquilar su vivienda, apartamento, casa rural, villa o habitaciones, deber\u00e1n complementar la solicitud correspondiente que se les facilitar\u00e1 en el departamento de Juventud o enviarla por correo electr\u00f3nico a administracion@hariaextreme.com antes del jueves, 30 de abril. En la solicitud se deber\u00e1 indicar el nombre de la persona de contacto, n\u00famero de tel\u00e9fono, correo electr\u00f3nico, p\u00e1gina web si la tuviera, direcci\u00f3n del alojamiento, as\u00ed como una descripci\u00f3n y caracter\u00edsticas de la vivienda o habitaci\u00f3n a alquilar acompa\u00f1ada de im\u00e1genes.<\/p>\n<p>&nbsp;<\/p>\n<p>Deben hacer constar tambi\u00e9n si ofrecen ofertas especiales a los corredores, familiares o personas que se desplacen al municipio con motivo de la \u2018Har\u00eda Extreme\u2019. La informaci\u00f3n de las viviendas facilitada por los due\u00f1os o promotores se incluir\u00e1 en la web oficial de la \u2018Har\u00eda Extreme\u2019 para que las personas interesadas en trasladarse al municipio de Har\u00eda puedan reservar hospedaje con antelaci\u00f3n.<\/p>\n<p>&nbsp;<\/p>\n<p>En la presente edici\u00f3n, la \u2018Har\u00eda Extreme\u2019 formar\u00e1 parte de la \u2018Spain Ultra Cup Aml Sport HG 2015\u2019, junto a pruebas tan reconocidas como la \u2018The North Face Transgrancanaria\u2019, la \u2018Ultra Mallorca Serra de Tramuntana\u2019, la \u2018Penyagolosa Trails Sport HG\u2019, la \u2018Volta Cerdanya Ultra Fons Sport HG\u2019, la \u2018Gran Trail de Pe\u00f1alara\u2019, la \u2018Ultra Sierra Nevada\u2019 y la \u2018Ultra Trail Guara Somontano Sport HG\u2019, por lo que se espera una gran afluencia de corredores nacionales.<\/p>\n","protected":false},"excerpt":{"rendered":"<p>El Ayuntamiento de Har\u00eda ha comenzado los preparativos para que la celebraci\u00f3n de la V edici\u00f3n de la carrera por monta\u00f1a \u2018Har\u00eda Extreme\u2019, el 15 de agosto, se convierta no solo en un referente deportivo de trascendencia nacional e internacional, sino tambi\u00e9n organizativo, al facilitar a los corredores toda la informaci\u00f3n necesaria para que su [&hellip;]<\/p>\n","protected":false},"author":2,"featured_media":0,"comment_status":"closed","ping_status":"closed","sticky":false,"template":"","format":"standard","meta":{"footnotes":""},"categories":[17,11],"tags":[],"class_list":["post-1371","post","type-post","status-publish","format-standard","hentry","category-deportes","category-hoja-de-haria"],"_links":{"self":[{"href":"https:\/\/www.ayuntamientodeharia.com\/haria\/wp-json\/wp\/v2\/posts\/1371","targetHints":{"allow":["GET"]}}],"collection":[{"href":"https:\/\/www.ayuntamientodeharia.com\/haria\/wp-json\/wp\/v2\/posts"}],"about":[{"href":"https:\/\/www.ayuntamientodeharia.com\/haria\/wp-json\/wp\/v2\/types\/post"}],"author":[{"embeddable":true,"href":"https:\/\/www.ayuntamientodeharia.com\/haria\/wp-json\/wp\/v2\/users\/2"}],"replies":[{"embeddable":true,"href":"https:\/\/www.ayuntamientodeharia.com\/haria\/wp-json\/wp\/v2\/comments?post=1371"}],"version-history":[{"count":0,"href":"https:\/\/www.ayuntamientodeharia.com\/haria\/wp-json\/wp\/v2\/posts\/1371\/revisions"}],"wp:attachment":[{"href":"https:\/\/www.ayuntamientodeharia.com\/haria\/wp-json\/wp\/v2\/media?parent=1371"}],"wp:term":[{"taxonomy":"category","embeddable":true,"href":"https:\/\/www.ayuntamientodeharia.com\/haria\/wp-json\/wp\/v2\/categories?post=1371"},{"taxonomy":"post_tag","embeddable":true,"href":"https:\/\/www.ayuntamientodeharia.com\/haria\/wp-json\/wp\/v2\/tags?post=1371"}],"curies":[{"name":"wp","href":"https:\/\/api.w.org\/{rel}","templated":true}]}}