{"id":1369,"date":"2015-04-17T08:20:58","date_gmt":"2015-04-17T08:20:58","guid":{"rendered":"http:\/\/www.ayuntamientodeharia.com\/haria\/?p=1369"},"modified":"2015-04-17T08:20:58","modified_gmt":"2015-04-17T08:20:58","slug":"abierta-la-inscripcion-para-participar-en-la-circular-valle-de-haria","status":"publish","type":"post","link":"https:\/\/www.ayuntamientodeharia.com\/haria\/abierta-la-inscripcion-para-participar-en-la-circular-valle-de-haria\/","title":{"rendered":"Abierta la inscripci\u00f3n para participar en la \u2018Circular Valle de Har\u00eda\u2019"},"content":{"rendered":"<p><a href=\"http:\/\/www.ayuntamientodeharia.com\/haria\/wp-content\/uploads\/2015\/04\/hoja_746_htt.jpg\"><img fetchpriority=\"high\" decoding=\"async\" class=\"alignleft  wp-image-1345\" src=\"http:\/\/www.ayuntamientodeharia.com\/haria\/wp-content\/uploads\/2015\/04\/hoja_746_htt-232x300.jpg\" alt=\"hoja_746_htt\" width=\"204\" height=\"261\" \/><\/a>El Club Deportivo Har\u00eda Trail Team (HTT), en colaboraci\u00f3n con el Ayuntamiento de Har\u00eda, organiza la primera prueba de carrera por monta\u00f1a denominada \u2018Circular Valle de Har\u00eda\u2019, que se celebrar\u00e1 el domingo, 26 de abril, por los alrededores del pueblo de Har\u00eda.<\/p>\n<p>&nbsp;<\/p>\n<p>Dicha prueba ser\u00e1 puntuable para la \u2018III Copa de Carreras por Monta\u00f1a Municipio de Har\u00eda 2015\u2019 y para la \u2018I Copa Insular de Carreras por Monta\u00f1as\u2019.<\/p>\n<p>&nbsp;<\/p>\n<p>Los corredores interesados en participar en la \u2018Circular Valle de Har\u00eda\u2019 deber\u00e1n ser mayores de 16 a\u00f1os y realizar la inscripci\u00f3n a trav\u00e9s de la p\u00e1gina web del Club www.hariatrailteam.com<\/p>\n<p><!--more--><\/p>\n<p>Los inscritos podr\u00e1n optar por participar en la modalidad Copa, que presenta un recorrido de 20 kil\u00f3metros, o por la modalidad Open, con un recorrido m\u00e1s corto de 10 kil\u00f3metros. La retirada de dorsales se realizar\u00e1 el mismo d\u00eda de la celebraci\u00f3n de la prueba, de 07:00 a 08:30 horas, en el stand instalado junto al arco de salida-meta situado en la Plaza de Har\u00eda.<\/p>\n<p>&nbsp;<\/p>\n<p>Est\u00e1 previsto que los corredores tomen la salida a las 09:00 horas y que hayan pasado por meta antes de las 13:00 horas, pues la entrega de trofeos se realizar\u00e1 a las 13:30 horas en la misma plaza.<\/p>\n","protected":false},"excerpt":{"rendered":"<p>El Club Deportivo Har\u00eda Trail Team (HTT), en colaboraci\u00f3n con el Ayuntamiento de Har\u00eda, organiza la primera prueba de carrera por monta\u00f1a denominada \u2018Circular Valle de Har\u00eda\u2019, que se celebrar\u00e1 el domingo, 26 de abril, por los alrededores del pueblo de Har\u00eda. &nbsp; Dicha prueba ser\u00e1 puntuable para la \u2018III Copa de Carreras por Monta\u00f1a [&hellip;]<\/p>\n","protected":false},"author":2,"featured_media":0,"comment_status":"closed","ping_status":"closed","sticky":false,"template":"","format":"standard","meta":{"footnotes":""},"categories":[17,11],"tags":[],"class_list":["post-1369","post","type-post","status-publish","format-standard","hentry","category-deportes","category-hoja-de-haria"],"_links":{"self":[{"href":"https:\/\/www.ayuntamientodeharia.com\/haria\/wp-json\/wp\/v2\/posts\/1369","targetHints":{"allow":["GET"]}}],"collection":[{"href":"https:\/\/www.ayuntamientodeharia.com\/haria\/wp-json\/wp\/v2\/posts"}],"about":[{"href":"https:\/\/www.ayuntamientodeharia.com\/haria\/wp-json\/wp\/v2\/types\/post"}],"author":[{"embeddable":true,"href":"https:\/\/www.ayuntamientodeharia.com\/haria\/wp-json\/wp\/v2\/users\/2"}],"replies":[{"embeddable":true,"href":"https:\/\/www.ayuntamientodeharia.com\/haria\/wp-json\/wp\/v2\/comments?post=1369"}],"version-history":[{"count":0,"href":"https:\/\/www.ayuntamientodeharia.com\/haria\/wp-json\/wp\/v2\/posts\/1369\/revisions"}],"wp:attachment":[{"href":"https:\/\/www.ayuntamientodeharia.com\/haria\/wp-json\/wp\/v2\/media?parent=1369"}],"wp:term":[{"taxonomy":"category","embeddable":true,"href":"https:\/\/www.ayuntamientodeharia.com\/haria\/wp-json\/wp\/v2\/categories?post=1369"},{"taxonomy":"post_tag","embeddable":true,"href":"https:\/\/www.ayuntamientodeharia.com\/haria\/wp-json\/wp\/v2\/tags?post=1369"}],"curies":[{"name":"wp","href":"https:\/\/api.w.org\/{rel}","templated":true}]}}