{"id":1363,"date":"2015-04-17T08:17:07","date_gmt":"2015-04-17T08:17:07","guid":{"rendered":"http:\/\/www.ayuntamientodeharia.com\/haria\/?p=1363"},"modified":"2015-04-17T08:18:21","modified_gmt":"2015-04-17T08:18:21","slug":"haria-celebra-el-dia-internacional-del-libro","status":"publish","type":"post","link":"https:\/\/www.ayuntamientodeharia.com\/haria\/haria-celebra-el-dia-internacional-del-libro\/","title":{"rendered":"Har\u00eda celebra el D\u00eda Internacional del libro"},"content":{"rendered":"<p><a href=\"http:\/\/www.ayuntamientodeharia.com\/haria\/wp-content\/uploads\/2015\/04\/hoja_746_diaDelLibro.jpg\"><img decoding=\"async\" class=\"alignleft  wp-image-1344\" src=\"http:\/\/www.ayuntamientodeharia.com\/haria\/wp-content\/uploads\/2015\/04\/hoja_746_diaDelLibro-223x300.jpg\" alt=\"hoja_746_diaDelLibro\" width=\"146\" height=\"192\" \/><\/a>El Ayuntamiento de Har\u00eda, a trav\u00e9s de la concejal\u00eda de Cultura, pone en marcha un variado programa de actos con el objetivo de conmemorar el D\u00eda Internacional del Libro, que se celebra el 23 de abril.<\/p>\n<p>&nbsp;<\/p>\n<p><strong>Jueves, 23 de abril: D\u00eda Internacional del Libro <\/strong><\/p>\n<p>11:00 h.- Cuentos con encanto a cargo de Elisa Garc\u00eda en el CEIP San Juan de Har\u00eda. \u2018Caperucita y Paco Lobo\u2019. Espect\u00e1culo de t\u00edteres.<\/p>\n<p><!--more--><\/p>\n<p>17:00 h.- Taller para la elaboraci\u00f3n de agendas, diarios, recetarios, etc. con goma eva y material reciclado en la ludoteca del parque infantil de Har\u00eda. Viernes, 24 de abril<\/p>\n<p>&nbsp;<\/p>\n<p>11:00 h.- Cuentos con encanto a cargo de Elisa Garc\u00eda en el CEIP La Garita de Arrieta. &#8216;Caperucita y Paco Lobo\u2019. Espect\u00e1culo de t\u00edteres.<\/p>\n<p>&nbsp;<\/p>\n<p>17:00 h.- Taller para la elaboraci\u00f3n de minilibros y portanotas para la nevera con material reciclado.<\/p>\n<p>&nbsp;<\/p>\n<p><strong> S\u00e1bado, 25 de abril <\/strong><\/p>\n<p>12:00 h.- Representaci\u00f3n de la obra musical \u2018Hola, Soy B\u2019, a cargo del guitarrista Mel Reyes y el narrador \u00d3scar Hern\u00e1ndez, en la Plaza de Har\u00eda.<\/p>\n","protected":false},"excerpt":{"rendered":"<p>El Ayuntamiento de Har\u00eda, a trav\u00e9s de la concejal\u00eda de Cultura, pone en marcha un variado programa de actos con el objetivo de conmemorar el D\u00eda Internacional del Libro, que se celebra el 23 de abril. &nbsp; Jueves, 23 de abril: D\u00eda Internacional del Libro 11:00 h.- Cuentos con encanto a cargo de Elisa Garc\u00eda [&hellip;]<\/p>\n","protected":false},"author":2,"featured_media":0,"comment_status":"closed","ping_status":"closed","sticky":false,"template":"","format":"standard","meta":{"footnotes":""},"categories":[16,11],"tags":[],"class_list":["post-1363","post","type-post","status-publish","format-standard","hentry","category-cultura","category-hoja-de-haria"],"_links":{"self":[{"href":"https:\/\/www.ayuntamientodeharia.com\/haria\/wp-json\/wp\/v2\/posts\/1363","targetHints":{"allow":["GET"]}}],"collection":[{"href":"https:\/\/www.ayuntamientodeharia.com\/haria\/wp-json\/wp\/v2\/posts"}],"about":[{"href":"https:\/\/www.ayuntamientodeharia.com\/haria\/wp-json\/wp\/v2\/types\/post"}],"author":[{"embeddable":true,"href":"https:\/\/www.ayuntamientodeharia.com\/haria\/wp-json\/wp\/v2\/users\/2"}],"replies":[{"embeddable":true,"href":"https:\/\/www.ayuntamientodeharia.com\/haria\/wp-json\/wp\/v2\/comments?post=1363"}],"version-history":[{"count":0,"href":"https:\/\/www.ayuntamientodeharia.com\/haria\/wp-json\/wp\/v2\/posts\/1363\/revisions"}],"wp:attachment":[{"href":"https:\/\/www.ayuntamientodeharia.com\/haria\/wp-json\/wp\/v2\/media?parent=1363"}],"wp:term":[{"taxonomy":"category","embeddable":true,"href":"https:\/\/www.ayuntamientodeharia.com\/haria\/wp-json\/wp\/v2\/categories?post=1363"},{"taxonomy":"post_tag","embeddable":true,"href":"https:\/\/www.ayuntamientodeharia.com\/haria\/wp-json\/wp\/v2\/tags?post=1363"}],"curies":[{"name":"wp","href":"https:\/\/api.w.org\/{rel}","templated":true}]}}