{"id":12995,"date":"2018-06-29T18:06:36","date_gmt":"2018-06-29T18:06:36","guid":{"rendered":"http:\/\/www.ayuntamientodeharia.com\/haria\/?p=12995"},"modified":"2018-06-29T18:06:36","modified_gmt":"2018-06-29T18:06:36","slug":"el-pleno-del-cabildo-se-traslada-al-municipio-de-haria","status":"publish","type":"post","link":"https:\/\/www.ayuntamientodeharia.com\/haria\/el-pleno-del-cabildo-se-traslada-al-municipio-de-haria\/","title":{"rendered":"El pleno del Cabildo se traslada al municipio de Har\u00eda"},"content":{"rendered":"<p>El Centro Sociocultural La Tegala de Har\u00eda acogi\u00f3 este viernes, 29 de junio, una sesi\u00f3n especial del pleno del Cabildo de Lanzarote, en el que se abord\u00f3, entre otros asuntos, el proyecto de presupuesto general de la primera Corporaci\u00f3n para su aprobaci\u00f3n inicial.<\/p>\n<p><!--more--><\/p>\n<p>&nbsp;<\/p>\n<p>Con esta iniciativa, pionera en el municipio norte\u00f1o, se pretende acercar la Administraci\u00f3n a todos los administrados, no solo de la capital, sino de todos los puntos de la Isla.<\/p>\n<p>&nbsp;<\/p>\n<p>El alcalde norte\u00f1o, Marci Acu\u00f1a, dio la bienvenida a los consejeros y detall\u00f3 la situaci\u00f3n actual del municipio, \u201ccon unos perfiles singulares muy diferenciados del resto de la Isla\u201d, reclamando la colaboraci\u00f3n institucional para atender las necesidades de la sociedad hariana y dotarla de infraestructuras y servicios adecuados.<\/p>\n<p>&nbsp;<\/p>\n<p>Igualmente, el primer edil reclam\u00f3 \u201caltura de miras\u201d para la resoluci\u00f3n del conflicto de la Cueva de Los Verdes, pidiendo que se aleje de la \u201cinstrumentalizaci\u00f3n partidaria\u201d y recordando que el escenario es ya \u00fanicamente \u201cjur\u00eddico-administrativo\u201d.<\/p>\n<p><a href=\"http:\/\/www.ayuntamientodeharia.com\/haria\/wp-content\/uploads\/2018\/06\/Pleno-del-Cabildo-en-Har\u00eda-1.jpg\"><img decoding=\"async\" class=\"alignleft size-thumbnail wp-image-12997\" src=\"http:\/\/www.ayuntamientodeharia.com\/haria\/wp-content\/uploads\/2018\/06\/Pleno-del-Cabildo-en-Har\u00eda-1-150x150.jpg\" alt=\"Pleno del Cabildo en Har\u00eda (1)\" width=\"150\" height=\"150\" \/><\/a> <a href=\"http:\/\/www.ayuntamientodeharia.com\/haria\/wp-content\/uploads\/2018\/06\/Pleno-del-Cabildo-en-Har\u00eda-3.jpg\"><img decoding=\"async\" class=\"alignleft size-thumbnail wp-image-12998\" src=\"http:\/\/www.ayuntamientodeharia.com\/haria\/wp-content\/uploads\/2018\/06\/Pleno-del-Cabildo-en-Har\u00eda-3-150x150.jpg\" alt=\"Pleno del Cabildo en Har\u00eda (3)\" width=\"150\" height=\"150\" \/><\/a><\/p>\n","protected":false},"excerpt":{"rendered":"<p>El Centro Sociocultural La Tegala de Har\u00eda acogi\u00f3 este viernes, 29 de junio, una sesi\u00f3n especial del pleno del Cabildo de Lanzarote, en el que se abord\u00f3, entre otros asuntos, el proyecto de presupuesto general de la primera Corporaci\u00f3n para su aprobaci\u00f3n inicial.<\/p>\n","protected":false},"author":7,"featured_media":12996,"comment_status":"closed","ping_status":"closed","sticky":false,"template":"","format":"standard","meta":{"footnotes":""},"categories":[11,81],"tags":[],"class_list":["post-12995","post","type-post","status-publish","format-standard","has-post-thumbnail","hentry","category-hoja-de-haria","category-municipio"],"_links":{"self":[{"href":"https:\/\/www.ayuntamientodeharia.com\/haria\/wp-json\/wp\/v2\/posts\/12995","targetHints":{"allow":["GET"]}}],"collection":[{"href":"https:\/\/www.ayuntamientodeharia.com\/haria\/wp-json\/wp\/v2\/posts"}],"about":[{"href":"https:\/\/www.ayuntamientodeharia.com\/haria\/wp-json\/wp\/v2\/types\/post"}],"author":[{"embeddable":true,"href":"https:\/\/www.ayuntamientodeharia.com\/haria\/wp-json\/wp\/v2\/users\/7"}],"replies":[{"embeddable":true,"href":"https:\/\/www.ayuntamientodeharia.com\/haria\/wp-json\/wp\/v2\/comments?post=12995"}],"version-history":[{"count":1,"href":"https:\/\/www.ayuntamientodeharia.com\/haria\/wp-json\/wp\/v2\/posts\/12995\/revisions"}],"predecessor-version":[{"id":12999,"href":"https:\/\/www.ayuntamientodeharia.com\/haria\/wp-json\/wp\/v2\/posts\/12995\/revisions\/12999"}],"wp:featuredmedia":[{"embeddable":true,"href":"https:\/\/www.ayuntamientodeharia.com\/haria\/wp-json\/wp\/v2\/media\/12996"}],"wp:attachment":[{"href":"https:\/\/www.ayuntamientodeharia.com\/haria\/wp-json\/wp\/v2\/media?parent=12995"}],"wp:term":[{"taxonomy":"category","embeddable":true,"href":"https:\/\/www.ayuntamientodeharia.com\/haria\/wp-json\/wp\/v2\/categories?post=12995"},{"taxonomy":"post_tag","embeddable":true,"href":"https:\/\/www.ayuntamientodeharia.com\/haria\/wp-json\/wp\/v2\/tags?post=12995"}],"curies":[{"name":"wp","href":"https:\/\/api.w.org\/{rel}","templated":true}]}}