{"id":1297,"date":"2015-04-10T12:09:18","date_gmt":"2015-04-10T12:09:18","guid":{"rendered":"http:\/\/www.ayuntamientodeharia.com\/haria\/?p=1297"},"modified":"2015-04-10T12:09:28","modified_gmt":"2015-04-10T12:09:28","slug":"taller-gratuito-de-autodefensa-para-mujeres","status":"publish","type":"post","link":"https:\/\/www.ayuntamientodeharia.com\/haria\/taller-gratuito-de-autodefensa-para-mujeres\/","title":{"rendered":"Taller gratuito de autodefensa para mujeres"},"content":{"rendered":"<p><a href=\"http:\/\/www.ayuntamientodeharia.com\/haria\/wp-content\/uploads\/2015\/04\/hoja_745_autodefensa.jpg\"><img decoding=\"async\" class=\"alignleft size-thumbnail wp-image-1286\" src=\"http:\/\/www.ayuntamientodeharia.com\/haria\/wp-content\/uploads\/2015\/04\/hoja_745_autodefensa-150x150.jpg\" alt=\"hoja_745_autodefensa\" width=\"150\" height=\"150\" \/><\/a>La Concejal\u00eda de Pol\u00edticas de Igualdad organiza un Taller de Autodefensa dirigido a las mujeres del municipio mayores de 16 a\u00f1os.<\/p>\n<p>&nbsp;<\/p>\n<p>Con la puesta en funcionamiento de este taller se pretende dotar a las mujeres de las herramientas b\u00e1sicas que las ayuden a afrontar situaciones de riesgo personal, donde es m\u00e1s importante saber c\u00f3mo actuar que utilizar la fuerza f\u00edsica sin control.<\/p>\n<p><!--more--><\/p>\n<p>El taller, que tendr\u00e1 una duraci\u00f3n de dos meses, se impartir\u00e1 todos los martes, de 16:30 a 18:30 horas, a partir del 14 de abril, en las instalaciones de la Escuela Municipal de K\u00e1rate en M\u00e1guez. Las mujeres interesadas en participar deber\u00e1n acudir el d\u00eda de la impartici\u00f3n del mismo y hablar con el monitor.<\/p>\n","protected":false},"excerpt":{"rendered":"<p>La Concejal\u00eda de Pol\u00edticas de Igualdad organiza un Taller de Autodefensa dirigido a las mujeres del municipio mayores de 16 a\u00f1os. &nbsp; Con la puesta en funcionamiento de este taller se pretende dotar a las mujeres de las herramientas b\u00e1sicas que las ayuden a afrontar situaciones de riesgo personal, donde es m\u00e1s importante saber c\u00f3mo [&hellip;]<\/p>\n","protected":false},"author":2,"featured_media":0,"comment_status":"closed","ping_status":"closed","sticky":false,"template":"","format":"standard","meta":{"footnotes":""},"categories":[11,30],"tags":[],"class_list":["post-1297","post","type-post","status-publish","format-standard","hentry","category-hoja-de-haria","category-igualdad"],"_links":{"self":[{"href":"https:\/\/www.ayuntamientodeharia.com\/haria\/wp-json\/wp\/v2\/posts\/1297","targetHints":{"allow":["GET"]}}],"collection":[{"href":"https:\/\/www.ayuntamientodeharia.com\/haria\/wp-json\/wp\/v2\/posts"}],"about":[{"href":"https:\/\/www.ayuntamientodeharia.com\/haria\/wp-json\/wp\/v2\/types\/post"}],"author":[{"embeddable":true,"href":"https:\/\/www.ayuntamientodeharia.com\/haria\/wp-json\/wp\/v2\/users\/2"}],"replies":[{"embeddable":true,"href":"https:\/\/www.ayuntamientodeharia.com\/haria\/wp-json\/wp\/v2\/comments?post=1297"}],"version-history":[{"count":0,"href":"https:\/\/www.ayuntamientodeharia.com\/haria\/wp-json\/wp\/v2\/posts\/1297\/revisions"}],"wp:attachment":[{"href":"https:\/\/www.ayuntamientodeharia.com\/haria\/wp-json\/wp\/v2\/media?parent=1297"}],"wp:term":[{"taxonomy":"category","embeddable":true,"href":"https:\/\/www.ayuntamientodeharia.com\/haria\/wp-json\/wp\/v2\/categories?post=1297"},{"taxonomy":"post_tag","embeddable":true,"href":"https:\/\/www.ayuntamientodeharia.com\/haria\/wp-json\/wp\/v2\/tags?post=1297"}],"curies":[{"name":"wp","href":"https:\/\/api.w.org\/{rel}","templated":true}]}}