{"id":12963,"date":"2018-06-29T17:09:52","date_gmt":"2018-06-29T17:09:52","guid":{"rendered":"http:\/\/www.ayuntamientodeharia.com\/haria\/?p=12963"},"modified":"2018-06-29T17:09:52","modified_gmt":"2018-06-29T17:09:52","slug":"desafio-tenerife-de-norte-a-sur-conseguido","status":"publish","type":"post","link":"https:\/\/www.ayuntamientodeharia.com\/haria\/desafio-tenerife-de-norte-a-sur-conseguido\/","title":{"rendered":"\u2018Desaf\u00edo Tenerife de Norte a Sur\u2019 conseguido"},"content":{"rendered":"<p>Los 11 j\u00f3venes estudiantes del IES Har\u00eda finalizaron el viaje-aventura \u2018Desaf\u00edo Tenerife de Norte a Sur ejecutando la subida al Pico Teide desde la Costa.<\/p>\n<p><!--more--><\/p>\n<p>&nbsp;<\/p>\n<p>Esta iniciativa ha sido desarrollada por el Departamento de Educaci\u00f3n F\u00edsica del IES Har\u00eda y el Punto Joven del Ayuntamiento y pertenece a los proyectos \u2018Desaf\u00edo 200, el reto saludable\u2019 y \u2018Recr\u00e9ate 2017\/18\u2019.<\/p>\n<p><a href=\"http:\/\/www.ayuntamientodeharia.com\/haria\/wp-content\/uploads\/2018\/06\/Caminata-2.jpg\"><img decoding=\"async\" class=\"alignleft size-thumbnail wp-image-12965\" src=\"http:\/\/www.ayuntamientodeharia.com\/haria\/wp-content\/uploads\/2018\/06\/Caminata-2-150x150.jpg\" alt=\"Caminata (2)\" width=\"150\" height=\"150\" \/><\/a><\/p>\n","protected":false},"excerpt":{"rendered":"<p>Los 11 j\u00f3venes estudiantes del IES Har\u00eda finalizaron el viaje-aventura \u2018Desaf\u00edo Tenerife de Norte a Sur ejecutando la subida al Pico Teide desde la Costa.<\/p>\n","protected":false},"author":7,"featured_media":12964,"comment_status":"closed","ping_status":"closed","sticky":false,"template":"","format":"standard","meta":{"footnotes":""},"categories":[19,11,25],"tags":[],"class_list":["post-12963","post","type-post","status-publish","format-standard","has-post-thumbnail","hentry","category-formacion","category-hoja-de-haria","category-juventud"],"_links":{"self":[{"href":"https:\/\/www.ayuntamientodeharia.com\/haria\/wp-json\/wp\/v2\/posts\/12963","targetHints":{"allow":["GET"]}}],"collection":[{"href":"https:\/\/www.ayuntamientodeharia.com\/haria\/wp-json\/wp\/v2\/posts"}],"about":[{"href":"https:\/\/www.ayuntamientodeharia.com\/haria\/wp-json\/wp\/v2\/types\/post"}],"author":[{"embeddable":true,"href":"https:\/\/www.ayuntamientodeharia.com\/haria\/wp-json\/wp\/v2\/users\/7"}],"replies":[{"embeddable":true,"href":"https:\/\/www.ayuntamientodeharia.com\/haria\/wp-json\/wp\/v2\/comments?post=12963"}],"version-history":[{"count":1,"href":"https:\/\/www.ayuntamientodeharia.com\/haria\/wp-json\/wp\/v2\/posts\/12963\/revisions"}],"predecessor-version":[{"id":12966,"href":"https:\/\/www.ayuntamientodeharia.com\/haria\/wp-json\/wp\/v2\/posts\/12963\/revisions\/12966"}],"wp:featuredmedia":[{"embeddable":true,"href":"https:\/\/www.ayuntamientodeharia.com\/haria\/wp-json\/wp\/v2\/media\/12964"}],"wp:attachment":[{"href":"https:\/\/www.ayuntamientodeharia.com\/haria\/wp-json\/wp\/v2\/media?parent=12963"}],"wp:term":[{"taxonomy":"category","embeddable":true,"href":"https:\/\/www.ayuntamientodeharia.com\/haria\/wp-json\/wp\/v2\/categories?post=12963"},{"taxonomy":"post_tag","embeddable":true,"href":"https:\/\/www.ayuntamientodeharia.com\/haria\/wp-json\/wp\/v2\/tags?post=12963"}],"curies":[{"name":"wp","href":"https:\/\/api.w.org\/{rel}","templated":true}]}}