{"id":12949,"date":"2018-06-29T16:35:38","date_gmt":"2018-06-29T16:35:38","guid":{"rendered":"http:\/\/www.ayuntamientodeharia.com\/haria\/?p=12949"},"modified":"2018-06-29T16:35:38","modified_gmt":"2018-06-29T16:35:38","slug":"cambio-de-dia-en-el-sorteo-de-las-fiestas-de-san-pedro","status":"publish","type":"post","link":"https:\/\/www.ayuntamientodeharia.com\/haria\/cambio-de-dia-en-el-sorteo-de-las-fiestas-de-san-pedro\/","title":{"rendered":"Cambio de d\u00eda en el sorteo de las fiestas de San Pedro"},"content":{"rendered":"<p>El Centro Democr\u00e1tico de M\u00e1guez comunica a los vecinos del municipio que el sorteo de las Fiestas de San Pedro se realizar\u00e1 el 30 de junio durante la celebraci\u00f3n del playback y no el 28 de junio como estaba previsto inicialmente.<\/p>\n","protected":false},"excerpt":{"rendered":"<p>El Centro Democr\u00e1tico de M\u00e1guez comunica a los vecinos del municipio que el sorteo de las Fiestas de San Pedro se realizar\u00e1 el 30 de junio durante la celebraci\u00f3n del playback y no el 28 de junio como estaba previsto inicialmente.<\/p>\n","protected":false},"author":7,"featured_media":0,"comment_status":"closed","ping_status":"closed","sticky":false,"template":"","format":"standard","meta":{"footnotes":""},"categories":[11,81],"tags":[],"class_list":["post-12949","post","type-post","status-publish","format-standard","hentry","category-hoja-de-haria","category-municipio"],"_links":{"self":[{"href":"https:\/\/www.ayuntamientodeharia.com\/haria\/wp-json\/wp\/v2\/posts\/12949","targetHints":{"allow":["GET"]}}],"collection":[{"href":"https:\/\/www.ayuntamientodeharia.com\/haria\/wp-json\/wp\/v2\/posts"}],"about":[{"href":"https:\/\/www.ayuntamientodeharia.com\/haria\/wp-json\/wp\/v2\/types\/post"}],"author":[{"embeddable":true,"href":"https:\/\/www.ayuntamientodeharia.com\/haria\/wp-json\/wp\/v2\/users\/7"}],"replies":[{"embeddable":true,"href":"https:\/\/www.ayuntamientodeharia.com\/haria\/wp-json\/wp\/v2\/comments?post=12949"}],"version-history":[{"count":1,"href":"https:\/\/www.ayuntamientodeharia.com\/haria\/wp-json\/wp\/v2\/posts\/12949\/revisions"}],"predecessor-version":[{"id":12950,"href":"https:\/\/www.ayuntamientodeharia.com\/haria\/wp-json\/wp\/v2\/posts\/12949\/revisions\/12950"}],"wp:attachment":[{"href":"https:\/\/www.ayuntamientodeharia.com\/haria\/wp-json\/wp\/v2\/media?parent=12949"}],"wp:term":[{"taxonomy":"category","embeddable":true,"href":"https:\/\/www.ayuntamientodeharia.com\/haria\/wp-json\/wp\/v2\/categories?post=12949"},{"taxonomy":"post_tag","embeddable":true,"href":"https:\/\/www.ayuntamientodeharia.com\/haria\/wp-json\/wp\/v2\/tags?post=12949"}],"curies":[{"name":"wp","href":"https:\/\/api.w.org\/{rel}","templated":true}]}}