{"id":12942,"date":"2018-06-29T09:28:51","date_gmt":"2018-06-29T09:28:51","guid":{"rendered":"http:\/\/www.ayuntamientodeharia.com\/haria\/?p=12942"},"modified":"2018-06-29T09:29:23","modified_gmt":"2018-06-29T09:29:23","slug":"haria-se-suma-a-la-conmemoracion-del-dia-del-orgullo","status":"publish","type":"post","link":"https:\/\/www.ayuntamientodeharia.com\/haria\/haria-se-suma-a-la-conmemoracion-del-dia-del-orgullo\/","title":{"rendered":"Har\u00eda se suma a la conmemoraci\u00f3n del D\u00eda del Orgullo"},"content":{"rendered":"<p>El Ayuntamiento de Har\u00eda se sum\u00f3 a la\u00a0conmemoraci\u00f3n del D\u00eda del Orgullo\u00a0izando en Arrieta la bandera del arcoiris para reivindicar la equiparaci\u00f3n de los derechos de la comunidad LGTBI+. Del mismo modo, se pint\u00f3 un banco con los colores que representan la defensa de la diversidad y la igualdad.<\/p>\n<p><!--more--><\/p>\n<p><a href=\"http:\/\/www.ayuntamientodeharia.com\/haria\/wp-content\/uploads\/2018\/06\/Orgullo-LGTB-1.jpg\"><img decoding=\"async\" class=\"alignleft size-thumbnail wp-image-12944\" src=\"http:\/\/www.ayuntamientodeharia.com\/haria\/wp-content\/uploads\/2018\/06\/Orgullo-LGTB-1-150x150.jpg\" alt=\"Orgullo LGTB (1)\" width=\"150\" height=\"150\" \/><\/a> <a href=\"http:\/\/www.ayuntamientodeharia.com\/haria\/wp-content\/uploads\/2018\/06\/Orgullo-LGTB-3.jpg\"><img decoding=\"async\" class=\"alignleft size-thumbnail wp-image-12945\" src=\"http:\/\/www.ayuntamientodeharia.com\/haria\/wp-content\/uploads\/2018\/06\/Orgullo-LGTB-3-150x150.jpg\" alt=\"Orgullo LGTB (3)\" width=\"150\" height=\"150\" \/><\/a> <a href=\"http:\/\/www.ayuntamientodeharia.com\/haria\/wp-content\/uploads\/2018\/06\/Orgullo-LGTB-4.jpg\"><img decoding=\"async\" class=\"alignleft size-thumbnail wp-image-12946\" src=\"http:\/\/www.ayuntamientodeharia.com\/haria\/wp-content\/uploads\/2018\/06\/Orgullo-LGTB-4-150x150.jpg\" alt=\"Orgullo LGTB (4)\" width=\"150\" height=\"150\" \/><\/a><\/p>\n<p>&nbsp;<\/p>\n","protected":false},"excerpt":{"rendered":"<p>El Ayuntamiento de Har\u00eda se sum\u00f3 a la\u00a0conmemoraci\u00f3n del D\u00eda del Orgullo\u00a0izando en Arrieta la bandera del arcoiris para reivindicar la equiparaci\u00f3n de los derechos de la comunidad LGTBI+. Del mismo modo, se pint\u00f3 un banco con los colores que representan la defensa de la diversidad y la igualdad.<\/p>\n","protected":false},"author":7,"featured_media":12943,"comment_status":"closed","ping_status":"closed","sticky":false,"template":"","format":"standard","meta":{"footnotes":""},"categories":[11,30],"tags":[],"class_list":["post-12942","post","type-post","status-publish","format-standard","has-post-thumbnail","hentry","category-hoja-de-haria","category-igualdad"],"_links":{"self":[{"href":"https:\/\/www.ayuntamientodeharia.com\/haria\/wp-json\/wp\/v2\/posts\/12942","targetHints":{"allow":["GET"]}}],"collection":[{"href":"https:\/\/www.ayuntamientodeharia.com\/haria\/wp-json\/wp\/v2\/posts"}],"about":[{"href":"https:\/\/www.ayuntamientodeharia.com\/haria\/wp-json\/wp\/v2\/types\/post"}],"author":[{"embeddable":true,"href":"https:\/\/www.ayuntamientodeharia.com\/haria\/wp-json\/wp\/v2\/users\/7"}],"replies":[{"embeddable":true,"href":"https:\/\/www.ayuntamientodeharia.com\/haria\/wp-json\/wp\/v2\/comments?post=12942"}],"version-history":[{"count":2,"href":"https:\/\/www.ayuntamientodeharia.com\/haria\/wp-json\/wp\/v2\/posts\/12942\/revisions"}],"predecessor-version":[{"id":12948,"href":"https:\/\/www.ayuntamientodeharia.com\/haria\/wp-json\/wp\/v2\/posts\/12942\/revisions\/12948"}],"wp:featuredmedia":[{"embeddable":true,"href":"https:\/\/www.ayuntamientodeharia.com\/haria\/wp-json\/wp\/v2\/media\/12943"}],"wp:attachment":[{"href":"https:\/\/www.ayuntamientodeharia.com\/haria\/wp-json\/wp\/v2\/media?parent=12942"}],"wp:term":[{"taxonomy":"category","embeddable":true,"href":"https:\/\/www.ayuntamientodeharia.com\/haria\/wp-json\/wp\/v2\/categories?post=12942"},{"taxonomy":"post_tag","embeddable":true,"href":"https:\/\/www.ayuntamientodeharia.com\/haria\/wp-json\/wp\/v2\/tags?post=12942"}],"curies":[{"name":"wp","href":"https:\/\/api.w.org\/{rel}","templated":true}]}}