{"id":12560,"date":"2018-05-25T10:21:10","date_gmt":"2018-05-25T10:21:10","guid":{"rendered":"http:\/\/www.ayuntamientodeharia.com\/haria\/?p=12560"},"modified":"2018-05-27T16:30:55","modified_gmt":"2018-05-27T16:30:55","slug":"haria-harta-de-ser-la-gran-perjudicada-en-la-celebracion-del-ironman-lanzarote","status":"publish","type":"post","link":"https:\/\/www.ayuntamientodeharia.com\/haria\/haria-harta-de-ser-la-gran-perjudicada-en-la-celebracion-del-ironman-lanzarote\/","title":{"rendered":"Har\u00eda, harta de ser la gran perjudicada en la celebraci\u00f3n del \u2018Ironman Lanzarote\u2019"},"content":{"rendered":"<p>El alcalde de Har\u00eda, Marci Acu\u00f1a, traslada el malestar de los vecinos y comerciantes del norte de la Isla por los perjuicios que ocasiona en el municipio la organizaci\u00f3n del \u2018Ironman\u2019, que tendr\u00e1 lugar este s\u00e1bado, 26 de mayo, reclamando una revisi\u00f3n del recorrido para futuras ediciones.<\/p>\n<p><!--more--><\/p>\n<p>&nbsp;<\/p>\n<p>Y es que, entendiendo la trascendencia que supone la celebraci\u00f3n de dicha prueba para Lanzarote a nivel deportivo, econ\u00f3mico y de promoci\u00f3n tur\u00edstica, y reconociendo los esfuerzos que se han realizado desde la organizaci\u00f3n en materia de seguridad, se\u00f1alizaci\u00f3n y establecimiento de rutas alternativas, lo cierto es que son los harianos los grandes perjudicados con este evento.<\/p>\n<p>&nbsp;<\/p>\n<p>Son varios los restaurantes que se ver\u00e1n obligados a cerrar ma\u00f1ana s\u00e1bado, precisamente el d\u00eda en que m\u00e1s caja hacen de toda la semana, al igual que hay agricultores que no podr\u00e1n trabajar sus tierras y muchos vecinos tendr\u00e1n problemas para acceder a sus casas debido a las restricciones, desv\u00edos y cortes de calles. Incluso el mercado de Har\u00eda se ver\u00e1 afectado por el desarrollo de la competici\u00f3n.<\/p>\n<p>&nbsp;<\/p>\n<p>En definitiva, desde el Consistorio norte\u00f1o, reconociendo los beneficios que supone el \u2018Ironman\u2019 para la Isla, se exige una revisi\u00f3n del trazado y de la configuraci\u00f3n de la prueba para que el municipio de Har\u00eda no sea el principal damnificado durante este fin de semana y no se altere la actividad comercial y el d\u00eda a d\u00eda de los vecinos.<\/p>\n","protected":false},"excerpt":{"rendered":"<p>El alcalde de Har\u00eda, Marci Acu\u00f1a, traslada el malestar de los vecinos y comerciantes del norte de la Isla por los perjuicios que ocasiona en el municipio la organizaci\u00f3n del \u2018Ironman\u2019, que tendr\u00e1 lugar este s\u00e1bado, 26 de mayo, reclamando una revisi\u00f3n del recorrido para futuras ediciones.<\/p>\n","protected":false},"author":7,"featured_media":12561,"comment_status":"closed","ping_status":"closed","sticky":false,"template":"","format":"standard","meta":{"footnotes":""},"categories":[73,81],"tags":[],"class_list":["post-12560","post","type-post","status-publish","format-standard","has-post-thumbnail","hentry","category-alcaldia","category-municipio"],"_links":{"self":[{"href":"https:\/\/www.ayuntamientodeharia.com\/haria\/wp-json\/wp\/v2\/posts\/12560","targetHints":{"allow":["GET"]}}],"collection":[{"href":"https:\/\/www.ayuntamientodeharia.com\/haria\/wp-json\/wp\/v2\/posts"}],"about":[{"href":"https:\/\/www.ayuntamientodeharia.com\/haria\/wp-json\/wp\/v2\/types\/post"}],"author":[{"embeddable":true,"href":"https:\/\/www.ayuntamientodeharia.com\/haria\/wp-json\/wp\/v2\/users\/7"}],"replies":[{"embeddable":true,"href":"https:\/\/www.ayuntamientodeharia.com\/haria\/wp-json\/wp\/v2\/comments?post=12560"}],"version-history":[{"count":1,"href":"https:\/\/www.ayuntamientodeharia.com\/haria\/wp-json\/wp\/v2\/posts\/12560\/revisions"}],"predecessor-version":[{"id":12562,"href":"https:\/\/www.ayuntamientodeharia.com\/haria\/wp-json\/wp\/v2\/posts\/12560\/revisions\/12562"}],"wp:featuredmedia":[{"embeddable":true,"href":"https:\/\/www.ayuntamientodeharia.com\/haria\/wp-json\/wp\/v2\/media\/12561"}],"wp:attachment":[{"href":"https:\/\/www.ayuntamientodeharia.com\/haria\/wp-json\/wp\/v2\/media?parent=12560"}],"wp:term":[{"taxonomy":"category","embeddable":true,"href":"https:\/\/www.ayuntamientodeharia.com\/haria\/wp-json\/wp\/v2\/categories?post=12560"},{"taxonomy":"post_tag","embeddable":true,"href":"https:\/\/www.ayuntamientodeharia.com\/haria\/wp-json\/wp\/v2\/tags?post=12560"}],"curies":[{"name":"wp","href":"https:\/\/api.w.org\/{rel}","templated":true}]}}