{"id":12319,"date":"2014-02-28T12:15:59","date_gmt":"2014-02-28T12:15:59","guid":{"rendered":"http:\/\/www.ayuntamientodeharia.com\/haria\/?p=12319"},"modified":"2018-05-21T09:34:24","modified_gmt":"2018-05-21T09:34:24","slug":"paula-montero-primera-dama-de-honor-de-la-reina-del-carnaval-de-arrecife","status":"publish","type":"post","link":"https:\/\/www.ayuntamientodeharia.com\/haria\/paula-montero-primera-dama-de-honor-de-la-reina-del-carnaval-de-arrecife\/","title":{"rendered":"Paula Montero, primera  Dama de Honor de la Reina  del Carnaval de Arrecife"},"content":{"rendered":"<p><a href=\"http:\/\/www.ayuntamientodeharia.com\/haria\/wp-content\/uploads\/2018\/05\/paula_montero.png\"><img fetchpriority=\"high\" decoding=\"async\" src=\"http:\/\/www.ayuntamientodeharia.com\/haria\/wp-content\/uploads\/2018\/05\/paula_montero-300x208.png\" alt=\"paula_montero\" width=\"300\" height=\"208\" class=\"alignnone size-medium wp-image-12320\" srcset=\"https:\/\/www.ayuntamientodeharia.com\/haria\/wp-content\/uploads\/2018\/05\/paula_montero-300x208.png 300w, https:\/\/www.ayuntamientodeharia.com\/haria\/wp-content\/uploads\/2018\/05\/paula_montero-162x112.png 162w, https:\/\/www.ayuntamientodeharia.com\/haria\/wp-content\/uploads\/2018\/05\/paula_montero.png 512w\" sizes=\"(max-width: 300px) 100vw, 300px\" \/><\/a><br \/>\nLa candidata del municipio de Har\u00eda a Reina del Carnaval de Arrecife, Paula Montero Lemes, fue elegida primera Dama de Honor en el certamen que tuvo lugar el pasado domingo, 23 de febrero, en el Recinto Ferial de la capital.<br \/>\n<!--more--><br \/>\nLa joven hariana luci\u00f3 un dise\u00f1o de Jaime Romero bajo la alegor\u00eda \u2018V\u00e1monos de rumba pal Carnaval de Har\u00eda\u2019, que cont\u00f3 con el apoyo y la colaboraci\u00f3n de las empresas Party Fiesta, Anijena y Aloe Plus Lanzarote.<br \/>\n&nbsp;<br \/>\nLa Gala de la Reina del Carnaval de Arrecife fue presentada por Carmen Nieves P\u00e9rez y Baby Solano y el jurado estuvo compuesto por Jennifer Curbelo, Jos\u00e9 Ram\u00f3n Blanco, Delia Leal, Manuel Camejo, Gemma Garc\u00eda e Iv\u00e1n Padr\u00f3n.<br \/>\n&nbsp;<br \/>\nDesde el Ayuntamiento de Har\u00eda se felicita a Paula Montero Lemes por este magn\u00edfico resultado en una noche tan especial, as\u00ed como al dise\u00f1ador de la fantas\u00eda, Jaime Romero, y a las distintas casas comerciales que han hecho posible esta exitosa participaci\u00f3n.<\/p>\n","protected":false},"excerpt":{"rendered":"<p>La candidata del municipio de Har\u00eda a Reina del Carnaval de Arrecife, Paula Montero Lemes, fue elegida primera Dama de Honor en el certamen que tuvo lugar el pasado domingo, 23 de febrero, en el Recinto Ferial de la capital.<\/p>\n","protected":false},"author":8,"featured_media":0,"comment_status":"closed","ping_status":"closed","sticky":false,"template":"","format":"standard","meta":{"footnotes":""},"categories":[15,11],"tags":[],"class_list":["post-12319","post","type-post","status-publish","format-standard","hentry","category-festejos","category-hoja-de-haria"],"_links":{"self":[{"href":"https:\/\/www.ayuntamientodeharia.com\/haria\/wp-json\/wp\/v2\/posts\/12319","targetHints":{"allow":["GET"]}}],"collection":[{"href":"https:\/\/www.ayuntamientodeharia.com\/haria\/wp-json\/wp\/v2\/posts"}],"about":[{"href":"https:\/\/www.ayuntamientodeharia.com\/haria\/wp-json\/wp\/v2\/types\/post"}],"author":[{"embeddable":true,"href":"https:\/\/www.ayuntamientodeharia.com\/haria\/wp-json\/wp\/v2\/users\/8"}],"replies":[{"embeddable":true,"href":"https:\/\/www.ayuntamientodeharia.com\/haria\/wp-json\/wp\/v2\/comments?post=12319"}],"version-history":[{"count":2,"href":"https:\/\/www.ayuntamientodeharia.com\/haria\/wp-json\/wp\/v2\/posts\/12319\/revisions"}],"predecessor-version":[{"id":12451,"href":"https:\/\/www.ayuntamientodeharia.com\/haria\/wp-json\/wp\/v2\/posts\/12319\/revisions\/12451"}],"wp:attachment":[{"href":"https:\/\/www.ayuntamientodeharia.com\/haria\/wp-json\/wp\/v2\/media?parent=12319"}],"wp:term":[{"taxonomy":"category","embeddable":true,"href":"https:\/\/www.ayuntamientodeharia.com\/haria\/wp-json\/wp\/v2\/categories?post=12319"},{"taxonomy":"post_tag","embeddable":true,"href":"https:\/\/www.ayuntamientodeharia.com\/haria\/wp-json\/wp\/v2\/tags?post=12319"}],"curies":[{"name":"wp","href":"https:\/\/api.w.org\/{rel}","templated":true}]}}